{"id":3970,"date":"2025-12-18T20:51:13","date_gmt":"2025-12-18T19:51:13","guid":{"rendered":"https:\/\/hergersweiler.de\/?p=3970"},"modified":"2025-12-18T20:51:13","modified_gmt":"2025-12-18T19:51:13","slug":"weihnachts-und-neujahrsgruesse-der-ortsgemeinde-hergersweiler","status":"publish","type":"post","link":"https:\/\/hergersweiler.de\/?p=3970","title":{"rendered":"Weihnachts- und Neujahrsgr\u00fc\u00dfe der Ortsgemeinde Hergersweiler"},"content":{"rendered":"<p>Liebe Mitb\u00fcrgerinnen und Mitb\u00fcrger,<\/p>\n<p>das Jahr 2025 neigt sich dem Ende zu. Die Vorweihnachtszeit und die Tage zwischen den Jahren geben uns Gelegenheit, einen Moment innezuhalten und auf das Jahr zur\u00fcckzublicken.<\/p>\n<p>Ein Jahr geht zu Ende, in dem sich die Lage in der Welt leider nicht verbessert hat. In der Ukraine herrscht weiterhin Krieg. In Deutschland befindet sich die Wirtschaft seit einigen Jahren in einer Rezession, und als Folge daraus steigt die Arbeitslosigkeit. Auch in unserem kleinen Hergersweiler sp\u00fcren wir nach wie vor die Auswirkungen von Konflikten und Wirtschaftsflaute: Die Preise f\u00fcr Energie und Lebensmittel bleiben weiterhin hoch.<\/p>\n<p>Zun\u00e4chst m\u00f6chten wir uns bei allen herzlich bedanken, die sich im Laufe des Jahres zum Wohle unserer Gemeinde engagiert haben. Ohne den ehrenamtlichen Einsatz unserer Mitb\u00fcrgerinnen und Mitb\u00fcrger w\u00e4re vieles nicht m\u00f6glich. Es ist sch\u00f6n zu sehen, wie viele wiederkehrende Arbeiten einfach zuverl\u00e4ssig erledigt werden. An dieser Stelle m\u00f6chte ich mich besonders bei unserem Gemeinderat bedanken. Im Fr\u00fchjahr hatte ich gesundheitliche Probleme und konnte daher viele Aufgaben nicht selbst \u00fcbernehmen. Die Mitglieder unseres Gemeinderates haben mich in dieser Zeit mit gro\u00dfer Tatkraft unterst\u00fctzt. Daf\u00fcr herzlichen Dank.<\/p>\n<p>Unser Dank gilt ebenso den Mitarbeiterinnen und Mitarbeitern der Verbandsgemeindeverwaltung f\u00fcr die gute Zusammenarbeit.<\/p>\n<p>Unsere lebendige Dorfgemeinschaft funktioniert nur, wenn wir uns treffen \u2013 und vor allem auch gemeinsam feiern k\u00f6nnen. Damit dies gelingt, braucht es engagierte Mitb\u00fcrgerinnen und Mitb\u00fcrger, die Feste organisieren und durchf\u00fchren. In diesem Zusammenhang bedanken wir uns besonders bei unseren Vereinen f\u00fcr die zahlreichen Feste und Veranstaltungen im Laufe des Jahres.<\/p>\n<p>Auch in diesem Jahr wurde an verschiedenen Projekten gearbeitet. Das \u201eganz gro\u00dfe Projekt\u201c gibt es aktuell in Hergersweiler nicht. Doch in den kommenden Jahren steht der notwendige Umbau des gemeinsamen Kindergartens der Gemeinden Barbelroth, Hergersweiler und Oberhausen an. Auf die drei Gemeinden werden dabei erhebliche finanzielle Belastungen zukommen.<\/p>\n<p>Im Jahr 2025 wurde in Eigenleistung vieler B\u00fcrger ein neues Spielhaus f\u00fcr den Spielplatz aufgebaut. Das gesamte Material wie Holz und Schrauben wurde uns vom Modellbauverein gespendet. Daf\u00fcr ein herzliches Dankesch\u00f6n.<\/p>\n<p>Seit mittlerweile mehr als einem Jahr haben wir einen \u00f6ffentlichen B\u00fccherschrank, der sich gro\u00dfer Beliebtheit erfreut \u2013 ein tolles Projekt, an dem viele B\u00fcrgerinnen und B\u00fcrger beteiligt waren. Ebenfalls gibt es das \u201eErz\u00e4hlkaffee\u201c nun schon l\u00e4nger als ein Jahr. Die Veranstaltungen sind fast immer sehr gut besucht \u2013 und nicht nur von Seniorinnen und Senioren. Auch manche j\u00fcngeren Menschen nehmen teil. Ein Grund f\u00fcr die gute Resonanz ist sicherlich auch der selbst gebackene Kuchen, den die G\u00e4ste immer beisteuern. Auch hierf\u00fcr ein herzliches Dankesch\u00f6n.<\/p>\n<p>Ein besonderer Gru\u00df gilt den B\u00fcrgerinnen und B\u00fcrgern unserer Partnergemeinde Vesser. Vesser feierte in diesem Jahr sein 1125-j\u00e4hriges Jubil\u00e4um. Aus Hergersweiler und Winden reisten rund 30 Personen zu den Feierlichkeiten an, ein Gro\u00dfteil gemeinsam mit dem Bus. Vesser hatte sich in ein wahres M\u00e4rchendorf verwandelt. An verschiedenen Stationen im gesamten Ort wurden insgesamt 15 M\u00e4rchen dargestellt \u2013 liebevoll umgesetzt von den Einwohnerinnen und Einwohnern und mit Bez\u00fcgen zum d\u00f6rflichen Leben von damals und heute versehen. Ein sch\u00f6nes Beispiel ist der Traum vom \u201eTischlein deck dich\u201c, der f\u00fcr G\u00e4ste im Waldgasthof \u201eZur Vesser\u201c Wirklichkeit wird: Dort verw\u00f6hnen die Familien Kranich und Gerhardt ihre G\u00e4ste mit Wildspezialit\u00e4ten und Forellen aus Nachbars Teich. Es war beeindruckend zu sehen, was eine engagierte Dorfgemeinschaft alles auf die Beine stellen kann. Wir m\u00f6chten uns an dieser Stelle nochmals herzlich bei B\u00fcrgermeisterin Sylvia Hamatschek und den Einwohnern von Vesser f\u00fcr ihre gro\u00dfartige Gastfreundschaft bedanken.<\/p>\n<p>Liebe Hergersweilerinnen und Hergersweiler, im Jahr 2026 feiern wir 725 Jahre Hergersweiler. Wie bereits in einigen Veranstaltungen, unter anderem der B\u00fcrgerversammlung, vorgestellt, werden wir dieses Jubil\u00e4um mit vielen kleineren Veranstaltungen \u00fcber das ganze Jahr hinweg begehen. In fast jedem Monat wird es ein Fest oder andere Aktivit\u00e4ten geben. Die erste Veranstaltung und damit der Auftakt ins Festjahr wird unser Neujahrsempfang sein. Dieser steht ganz im Zeichen des Jubil\u00e4ums \u201e725 Jahre Hergersweiler\u201c. Unter anderem wird das Festprogramm f\u00fcr das gesamte Jahr vorgestellt.<\/p>\n<p>Liebe Mitb\u00fcrgerinnen und Mitb\u00fcrger, wir laden Sie schon heute herzlich zum Neujahrsempfang 2026 am Freitag, den 2. Januar 2026, um 19 Uhr in unser B\u00fcrgerhaus ein.<\/p>\n<p>F\u00fcr die bevorstehenden Festtage w\u00fcnschen wir Ihnen ein sch\u00f6nes und besinnliches Weihnachtsfest sowie einen guten Start ins Jahr 2026.<\/p>\n<p>Helmut Hei\u00df, Ortsb\u00fcrgermeister<br \/>\nVolker Nu\u00df, Ortsbeigeordneter<\/p>\n<p><em>Aus technischen Gr\u00fcnden sind die Weihnachtsgr\u00fc\u00dfe nicht im S\u00fcdpfalz Kurier erschienen und erreichen Sie nun auf diesem Wege.<\/em><\/p>\n","protected":false},"excerpt":{"rendered":"<p>Liebe Mitb\u00fcrgerinnen und Mitb\u00fcrger, das Jahr 2025 neigt sich dem Ende zu. Die Vorweihnachtszeit und die Tage zwischen den Jahren geben uns Gelegenheit, einen Moment innezuhalten und auf das Jahr zur\u00fcckzublicken. Ein Jahr geht zu Ende, in dem sich die Lage in der Welt leider nicht verbessert hat. In der\u2026<\/p>\n<p> <a class=\"continue-reading-link\" href=\"https:\/\/hergersweiler.de\/?p=3970\"><span>Continue reading<\/span><i class=\"crycon-right-dir\"><\/i><\/a> <\/p>\n","protected":false},"author":1,"featured_media":0,"comment_status":"open","ping_status":"open","sticky":false,"template":"","format":"standard","meta":{"ngg_post_thumbnail":0,"_jetpack_memberships_contains_paid_content":false,"footnotes":""},"categories":[1],"tags":[],"class_list":["post-3970","post","type-post","status-publish","format-standard","hentry","category-allgemein"],"yoast_head":"<!-- This site is optimized with the Yoast SEO plugin v27.5 - https:\/\/yoast.com\/product\/yoast-seo-wordpress\/ -->\n<title>Weihnachts- und Neujahrsgr\u00fc\u00dfe der Ortsgemeinde Hergersweiler - Gemeinde Hergersweiler<\/title>\n<meta name=\"robots\" content=\"index, follow, max-snippet:-1, max-image-preview:large, max-video-preview:-1\" \/>\n<link rel=\"canonical\" href=\"https:\/\/hergersweiler.de\/?p=3970\" \/>\n<meta property=\"og:locale\" content=\"de_DE\" \/>\n<meta property=\"og:type\" content=\"article\" \/>\n<meta property=\"og:title\" content=\"Weihnachts- und Neujahrsgr\u00fc\u00dfe der Ortsgemeinde Hergersweiler - Gemeinde Hergersweiler\" \/>\n<meta property=\"og:description\" content=\"Liebe Mitb\u00fcrgerinnen und Mitb\u00fcrger, das Jahr 2025 neigt sich dem Ende zu. Die Vorweihnachtszeit und die Tage zwischen den Jahren geben uns Gelegenheit, einen Moment innezuhalten und auf das Jahr zur\u00fcckzublicken. Ein Jahr geht zu Ende, in dem sich die Lage in der Welt leider nicht verbessert hat. In der\u2026 Continue reading\" \/>\n<meta property=\"og:url\" content=\"https:\/\/hergersweiler.de\/?p=3970\" \/>\n<meta property=\"og:site_name\" content=\"Gemeinde Hergersweiler\" \/>\n<meta property=\"article:published_time\" content=\"2025-12-18T19:51:13+00:00\" \/>\n<meta name=\"author\" content=\"admin\" \/>\n<meta name=\"twitter:card\" content=\"summary_large_image\" \/>\n<meta name=\"twitter:creator\" content=\"@hergersweiler2\" \/>\n<meta name=\"twitter:site\" content=\"@hergersweiler2\" \/>\n<meta name=\"twitter:label1\" content=\"Verfasst von\" \/>\n\t<meta name=\"twitter:data1\" content=\"admin\" \/>\n\t<meta name=\"twitter:label2\" content=\"Gesch\u00e4tzte Lesezeit\" \/>\n\t<meta name=\"twitter:data2\" content=\"4\u00a0Minuten\" \/>\n<script type=\"application\/ld+json\" class=\"yoast-schema-graph\">{\"@context\":\"https:\\\/\\\/schema.org\",\"@graph\":[{\"@type\":\"Article\",\"@id\":\"https:\\\/\\\/hergersweiler.de\\\/?p=3970#article\",\"isPartOf\":{\"@id\":\"https:\\\/\\\/hergersweiler.de\\\/?p=3970\"},\"author\":{\"name\":\"admin\",\"@id\":\"https:\\\/\\\/hergersweiler.de\\\/#\\\/schema\\\/person\\\/7b0befa872e696b07e63c64f7811d8ea\"},\"headline\":\"Weihnachts- und Neujahrsgr\u00fc\u00dfe der Ortsgemeinde Hergersweiler\",\"datePublished\":\"2025-12-18T19:51:13+00:00\",\"mainEntityOfPage\":{\"@id\":\"https:\\\/\\\/hergersweiler.de\\\/?p=3970\"},\"wordCount\":774,\"commentCount\":0,\"inLanguage\":\"de\",\"potentialAction\":[{\"@type\":\"CommentAction\",\"name\":\"Comment\",\"target\":[\"https:\\\/\\\/hergersweiler.de\\\/?p=3970#respond\"]}]},{\"@type\":\"WebPage\",\"@id\":\"https:\\\/\\\/hergersweiler.de\\\/?p=3970\",\"url\":\"https:\\\/\\\/hergersweiler.de\\\/?p=3970\",\"name\":\"Weihnachts- und Neujahrsgr\u00fc\u00dfe der Ortsgemeinde Hergersweiler - Gemeinde Hergersweiler\",\"isPartOf\":{\"@id\":\"https:\\\/\\\/hergersweiler.de\\\/#website\"},\"datePublished\":\"2025-12-18T19:51:13+00:00\",\"author\":{\"@id\":\"https:\\\/\\\/hergersweiler.de\\\/#\\\/schema\\\/person\\\/7b0befa872e696b07e63c64f7811d8ea\"},\"breadcrumb\":{\"@id\":\"https:\\\/\\\/hergersweiler.de\\\/?p=3970#breadcrumb\"},\"inLanguage\":\"de\",\"potentialAction\":[{\"@type\":\"ReadAction\",\"target\":[\"https:\\\/\\\/hergersweiler.de\\\/?p=3970\"]}]},{\"@type\":\"BreadcrumbList\",\"@id\":\"https:\\\/\\\/hergersweiler.de\\\/?p=3970#breadcrumb\",\"itemListElement\":[{\"@type\":\"ListItem\",\"position\":1,\"name\":\"Startseite\",\"item\":\"https:\\\/\\\/hergersweiler.de\\\/\"},{\"@type\":\"ListItem\",\"position\":2,\"name\":\"Weihnachts- und Neujahrsgr\u00fc\u00dfe der Ortsgemeinde Hergersweiler\"}]},{\"@type\":\"WebSite\",\"@id\":\"https:\\\/\\\/hergersweiler.de\\\/#website\",\"url\":\"https:\\\/\\\/hergersweiler.de\\\/\",\"name\":\"Gemeinde Hergersweiler\",\"description\":\"\",\"potentialAction\":[{\"@type\":\"SearchAction\",\"target\":{\"@type\":\"EntryPoint\",\"urlTemplate\":\"https:\\\/\\\/hergersweiler.de\\\/?s={search_term_string}\"},\"query-input\":{\"@type\":\"PropertyValueSpecification\",\"valueRequired\":true,\"valueName\":\"search_term_string\"}}],\"inLanguage\":\"de\"},{\"@type\":\"Person\",\"@id\":\"https:\\\/\\\/hergersweiler.de\\\/#\\\/schema\\\/person\\\/7b0befa872e696b07e63c64f7811d8ea\",\"name\":\"admin\",\"image\":{\"@type\":\"ImageObject\",\"inLanguage\":\"de\",\"@id\":\"https:\\\/\\\/secure.gravatar.com\\\/avatar\\\/13341db60fcfa0ddafe9c9c860a705e50d7a86cdda430a30904ba51f7e244366?s=96&d=monsterid&r=pg\",\"url\":\"https:\\\/\\\/secure.gravatar.com\\\/avatar\\\/13341db60fcfa0ddafe9c9c860a705e50d7a86cdda430a30904ba51f7e244366?s=96&d=monsterid&r=pg\",\"contentUrl\":\"https:\\\/\\\/secure.gravatar.com\\\/avatar\\\/13341db60fcfa0ddafe9c9c860a705e50d7a86cdda430a30904ba51f7e244366?s=96&d=monsterid&r=pg\",\"caption\":\"admin\"}}]}<\/script>\n<!-- \/ Yoast SEO plugin. -->","yoast_head_json":{"title":"Weihnachts- und Neujahrsgr\u00fc\u00dfe der Ortsgemeinde Hergersweiler - Gemeinde Hergersweiler","robots":{"index":"index","follow":"follow","max-snippet":"max-snippet:-1","max-image-preview":"max-image-preview:large","max-video-preview":"max-video-preview:-1"},"canonical":"https:\/\/hergersweiler.de\/?p=3970","og_locale":"de_DE","og_type":"article","og_title":"Weihnachts- und Neujahrsgr\u00fc\u00dfe der Ortsgemeinde Hergersweiler - Gemeinde Hergersweiler","og_description":"Liebe Mitb\u00fcrgerinnen und Mitb\u00fcrger, das Jahr 2025 neigt sich dem Ende zu. Die Vorweihnachtszeit und die Tage zwischen den Jahren geben uns Gelegenheit, einen Moment innezuhalten und auf das Jahr zur\u00fcckzublicken. Ein Jahr geht zu Ende, in dem sich die Lage in der Welt leider nicht verbessert hat. In der\u2026 Continue reading","og_url":"https:\/\/hergersweiler.de\/?p=3970","og_site_name":"Gemeinde Hergersweiler","article_published_time":"2025-12-18T19:51:13+00:00","author":"admin","twitter_card":"summary_large_image","twitter_creator":"@hergersweiler2","twitter_site":"@hergersweiler2","twitter_misc":{"Verfasst von":"admin","Gesch\u00e4tzte Lesezeit":"4\u00a0Minuten"},"schema":{"@context":"https:\/\/schema.org","@graph":[{"@type":"Article","@id":"https:\/\/hergersweiler.de\/?p=3970#article","isPartOf":{"@id":"https:\/\/hergersweiler.de\/?p=3970"},"author":{"name":"admin","@id":"https:\/\/hergersweiler.de\/#\/schema\/person\/7b0befa872e696b07e63c64f7811d8ea"},"headline":"Weihnachts- und Neujahrsgr\u00fc\u00dfe der Ortsgemeinde Hergersweiler","datePublished":"2025-12-18T19:51:13+00:00","mainEntityOfPage":{"@id":"https:\/\/hergersweiler.de\/?p=3970"},"wordCount":774,"commentCount":0,"inLanguage":"de","potentialAction":[{"@type":"CommentAction","name":"Comment","target":["https:\/\/hergersweiler.de\/?p=3970#respond"]}]},{"@type":"WebPage","@id":"https:\/\/hergersweiler.de\/?p=3970","url":"https:\/\/hergersweiler.de\/?p=3970","name":"Weihnachts- und Neujahrsgr\u00fc\u00dfe der Ortsgemeinde Hergersweiler - Gemeinde Hergersweiler","isPartOf":{"@id":"https:\/\/hergersweiler.de\/#website"},"datePublished":"2025-12-18T19:51:13+00:00","author":{"@id":"https:\/\/hergersweiler.de\/#\/schema\/person\/7b0befa872e696b07e63c64f7811d8ea"},"breadcrumb":{"@id":"https:\/\/hergersweiler.de\/?p=3970#breadcrumb"},"inLanguage":"de","potentialAction":[{"@type":"ReadAction","target":["https:\/\/hergersweiler.de\/?p=3970"]}]},{"@type":"BreadcrumbList","@id":"https:\/\/hergersweiler.de\/?p=3970#breadcrumb","itemListElement":[{"@type":"ListItem","position":1,"name":"Startseite","item":"https:\/\/hergersweiler.de\/"},{"@type":"ListItem","position":2,"name":"Weihnachts- und Neujahrsgr\u00fc\u00dfe der Ortsgemeinde Hergersweiler"}]},{"@type":"WebSite","@id":"https:\/\/hergersweiler.de\/#website","url":"https:\/\/hergersweiler.de\/","name":"Gemeinde Hergersweiler","description":"","potentialAction":[{"@type":"SearchAction","target":{"@type":"EntryPoint","urlTemplate":"https:\/\/hergersweiler.de\/?s={search_term_string}"},"query-input":{"@type":"PropertyValueSpecification","valueRequired":true,"valueName":"search_term_string"}}],"inLanguage":"de"},{"@type":"Person","@id":"https:\/\/hergersweiler.de\/#\/schema\/person\/7b0befa872e696b07e63c64f7811d8ea","name":"admin","image":{"@type":"ImageObject","inLanguage":"de","@id":"https:\/\/secure.gravatar.com\/avatar\/13341db60fcfa0ddafe9c9c860a705e50d7a86cdda430a30904ba51f7e244366?s=96&d=monsterid&r=pg","url":"https:\/\/secure.gravatar.com\/avatar\/13341db60fcfa0ddafe9c9c860a705e50d7a86cdda430a30904ba51f7e244366?s=96&d=monsterid&r=pg","contentUrl":"https:\/\/secure.gravatar.com\/avatar\/13341db60fcfa0ddafe9c9c860a705e50d7a86cdda430a30904ba51f7e244366?s=96&d=monsterid&r=pg","caption":"admin"}}]}},"jetpack_featured_media_url":"","jetpack_sharing_enabled":true,"_links":{"self":[{"href":"https:\/\/hergersweiler.de\/index.php?rest_route=\/wp\/v2\/posts\/3970","targetHints":{"allow":["GET"]}}],"collection":[{"href":"https:\/\/hergersweiler.de\/index.php?rest_route=\/wp\/v2\/posts"}],"about":[{"href":"https:\/\/hergersweiler.de\/index.php?rest_route=\/wp\/v2\/types\/post"}],"author":[{"embeddable":true,"href":"https:\/\/hergersweiler.de\/index.php?rest_route=\/wp\/v2\/users\/1"}],"replies":[{"embeddable":true,"href":"https:\/\/hergersweiler.de\/index.php?rest_route=%2Fwp%2Fv2%2Fcomments&post=3970"}],"version-history":[{"count":0,"href":"https:\/\/hergersweiler.de\/index.php?rest_route=\/wp\/v2\/posts\/3970\/revisions"}],"wp:attachment":[{"href":"https:\/\/hergersweiler.de\/index.php?rest_route=%2Fwp%2Fv2%2Fmedia&parent=3970"}],"wp:term":[{"taxonomy":"category","embeddable":true,"href":"https:\/\/hergersweiler.de\/index.php?rest_route=%2Fwp%2Fv2%2Fcategories&post=3970"},{"taxonomy":"post_tag","embeddable":true,"href":"https:\/\/hergersweiler.de\/index.php?rest_route=%2Fwp%2Fv2%2Ftags&post=3970"}],"curies":[{"name":"wp","href":"https:\/\/api.w.org\/{rel}","templated":true}]}}