{"id":3858,"date":"2025-12-01T17:17:35","date_gmt":"2025-12-01T16:17:35","guid":{"rendered":"https:\/\/hergersweiler.de\/?p=3858"},"modified":"2025-12-01T17:20:21","modified_gmt":"2025-12-01T16:20:21","slug":"hergersweiler-adventsauftakt","status":"publish","type":"post","link":"https:\/\/hergersweiler.de\/?p=3858","title":{"rendered":"Adventsauftakt 2025"},"content":{"rendered":"<p><a href=\"https:\/\/hergersweiler.de\/wp-content\/uploads\/2025\/12\/a64edca8-7eca-4eaa-beae-c40c3cd2d2ec.jpg\" data-lbwps-width=\"854\" data-lbwps-height=\"1134\" data-lbwps-srcsmall=\"https:\/\/hergersweiler.de\/wp-content\/uploads\/2025\/12\/a64edca8-7eca-4eaa-beae-c40c3cd2d2ec-113x150.jpg\"><img loading=\"lazy\" decoding=\"async\" class=\"alignleft size-thumbnail wp-image-3860\" src=\"https:\/\/hergersweiler.de\/wp-content\/uploads\/2025\/12\/a64edca8-7eca-4eaa-beae-c40c3cd2d2ec-150x150.jpg\" alt=\"\" width=\"150\" height=\"150\" \/><\/a><\/p>\n<article class=\"news-item news--weihnachtsbaum\">\n<header>\n<h2>Weihnachtsbaum auf dem Dorfplatz<\/h2>\n<p class=\"news-meta\">Hergersweiler \u2014 Adventsauftakt<\/p>\n<\/header>\n<p>Auf dem Dorfplatz steht nun der geschm\u00fcckte Weihnachtsbaum und setzt den Auftakt in die Adventszeit in Hergersweiler.<\/p>\n<p class=\"news-thanks\">Vielen Dank an alle, die beim Aufstellen und Schm\u00fccken unterst\u00fctzt und mit angepackt haben.<\/p>\n<p>Wir w\u00fcnschen allen eine frohe Adventszeit.<\/p>\n<p class=\"news-credit\">Foto: Janik Seither<\/p>\n<\/article>\n","protected":false},"excerpt":{"rendered":"<p>Weihnachtsbaum auf dem Dorfplatz Hergersweiler \u2014 Adventsauftakt Auf dem Dorfplatz steht nun der geschm\u00fcckte Weihnachtsbaum und setzt den Auftakt in die Adventszeit in Hergersweiler. Vielen Dank an alle, die beim Aufstellen und Schm\u00fccken unterst\u00fctzt und mit angepackt haben. Wir w\u00fcnschen allen eine frohe Adventszeit. Foto: Janik Seither<\/p>\n<p> <a class=\"continue-reading-link\" href=\"https:\/\/hergersweiler.de\/?p=3858\"><span>Continue reading<\/span><i class=\"crycon-right-dir\"><\/i><\/a> <\/p>\n","protected":false},"author":4,"featured_media":0,"comment_status":"open","ping_status":"open","sticky":false,"template":"","format":"standard","meta":{"ngg_post_thumbnail":0,"_jetpack_memberships_contains_paid_content":false,"footnotes":""},"categories":[1],"tags":[],"class_list":["post-3858","post","type-post","status-publish","format-standard","hentry","category-allgemein"],"yoast_head":"<!-- This site is optimized with the Yoast SEO plugin v27.4 - https:\/\/yoast.com\/product\/yoast-seo-wordpress\/ -->\n<title>Adventsauftakt 2025 - Gemeinde Hergersweiler<\/title>\n<meta name=\"robots\" content=\"index, follow, max-snippet:-1, max-image-preview:large, max-video-preview:-1\" \/>\n<link rel=\"canonical\" href=\"https:\/\/hergersweiler.de\/?p=3858\" \/>\n<meta property=\"og:locale\" content=\"de_DE\" \/>\n<meta property=\"og:type\" content=\"article\" \/>\n<meta property=\"og:title\" content=\"Adventsauftakt 2025 - Gemeinde Hergersweiler\" \/>\n<meta property=\"og:description\" content=\"Weihnachtsbaum auf dem Dorfplatz Hergersweiler \u2014 Adventsauftakt Auf dem Dorfplatz steht nun der geschm\u00fcckte Weihnachtsbaum und setzt den Auftakt in die Adventszeit in Hergersweiler. Vielen Dank an alle, die beim Aufstellen und Schm\u00fccken unterst\u00fctzt und mit angepackt haben. Wir w\u00fcnschen allen eine frohe Adventszeit. Foto: Janik Seither Continue reading\" \/>\n<meta property=\"og:url\" content=\"https:\/\/hergersweiler.de\/?p=3858\" \/>\n<meta property=\"og:site_name\" content=\"Gemeinde Hergersweiler\" \/>\n<meta property=\"article:published_time\" content=\"2025-12-01T16:17:35+00:00\" \/>\n<meta property=\"article:modified_time\" content=\"2025-12-01T16:20:21+00:00\" \/>\n<meta property=\"og:image\" content=\"https:\/\/hergersweiler.de\/wp-content\/uploads\/2025\/12\/a64edca8-7eca-4eaa-beae-c40c3cd2d2ec.jpg\" \/>\n\t<meta property=\"og:image:width\" content=\"854\" \/>\n\t<meta property=\"og:image:height\" content=\"1134\" \/>\n\t<meta property=\"og:image:type\" content=\"image\/jpeg\" \/>\n<meta name=\"author\" content=\"Joao Freire\" \/>\n<meta name=\"twitter:card\" content=\"summary_large_image\" \/>\n<meta name=\"twitter:creator\" content=\"@hergersweiler2\" \/>\n<meta name=\"twitter:site\" content=\"@hergersweiler2\" \/>\n<meta name=\"twitter:label1\" content=\"Verfasst von\" \/>\n\t<meta name=\"twitter:data1\" content=\"Joao Freire\" \/>\n\t<meta name=\"twitter:label2\" content=\"Gesch\u00e4tzte Lesezeit\" \/>\n\t<meta name=\"twitter:data2\" content=\"1\u00a0Minute\" \/>\n<script type=\"application\/ld+json\" class=\"yoast-schema-graph\">{\"@context\":\"https:\\\/\\\/schema.org\",\"@graph\":[{\"@type\":\"Article\",\"@id\":\"https:\\\/\\\/hergersweiler.de\\\/?p=3858#article\",\"isPartOf\":{\"@id\":\"https:\\\/\\\/hergersweiler.de\\\/?p=3858\"},\"author\":{\"name\":\"Joao Freire\",\"@id\":\"https:\\\/\\\/hergersweiler.de\\\/#\\\/schema\\\/person\\\/bb0b0cb8e362957b4aed6ae1569aab3e\"},\"headline\":\"Adventsauftakt 2025\",\"datePublished\":\"2025-12-01T16:17:35+00:00\",\"dateModified\":\"2025-12-01T16:20:21+00:00\",\"mainEntityOfPage\":{\"@id\":\"https:\\\/\\\/hergersweiler.de\\\/?p=3858\"},\"wordCount\":51,\"commentCount\":0,\"image\":{\"@id\":\"https:\\\/\\\/hergersweiler.de\\\/?p=3858#primaryimage\"},\"thumbnailUrl\":\"https:\\\/\\\/hergersweiler.de\\\/wp-content\\\/uploads\\\/2025\\\/12\\\/a64edca8-7eca-4eaa-beae-c40c3cd2d2ec-150x150.jpg\",\"inLanguage\":\"de\",\"potentialAction\":[{\"@type\":\"CommentAction\",\"name\":\"Comment\",\"target\":[\"https:\\\/\\\/hergersweiler.de\\\/?p=3858#respond\"]}]},{\"@type\":\"WebPage\",\"@id\":\"https:\\\/\\\/hergersweiler.de\\\/?p=3858\",\"url\":\"https:\\\/\\\/hergersweiler.de\\\/?p=3858\",\"name\":\"Adventsauftakt 2025 - Gemeinde Hergersweiler\",\"isPartOf\":{\"@id\":\"https:\\\/\\\/hergersweiler.de\\\/#website\"},\"primaryImageOfPage\":{\"@id\":\"https:\\\/\\\/hergersweiler.de\\\/?p=3858#primaryimage\"},\"image\":{\"@id\":\"https:\\\/\\\/hergersweiler.de\\\/?p=3858#primaryimage\"},\"thumbnailUrl\":\"https:\\\/\\\/hergersweiler.de\\\/wp-content\\\/uploads\\\/2025\\\/12\\\/a64edca8-7eca-4eaa-beae-c40c3cd2d2ec-150x150.jpg\",\"datePublished\":\"2025-12-01T16:17:35+00:00\",\"dateModified\":\"2025-12-01T16:20:21+00:00\",\"author\":{\"@id\":\"https:\\\/\\\/hergersweiler.de\\\/#\\\/schema\\\/person\\\/bb0b0cb8e362957b4aed6ae1569aab3e\"},\"breadcrumb\":{\"@id\":\"https:\\\/\\\/hergersweiler.de\\\/?p=3858#breadcrumb\"},\"inLanguage\":\"de\",\"potentialAction\":[{\"@type\":\"ReadAction\",\"target\":[\"https:\\\/\\\/hergersweiler.de\\\/?p=3858\"]}]},{\"@type\":\"ImageObject\",\"inLanguage\":\"de\",\"@id\":\"https:\\\/\\\/hergersweiler.de\\\/?p=3858#primaryimage\",\"url\":\"https:\\\/\\\/hergersweiler.de\\\/wp-content\\\/uploads\\\/2025\\\/12\\\/a64edca8-7eca-4eaa-beae-c40c3cd2d2ec.jpg\",\"contentUrl\":\"https:\\\/\\\/hergersweiler.de\\\/wp-content\\\/uploads\\\/2025\\\/12\\\/a64edca8-7eca-4eaa-beae-c40c3cd2d2ec.jpg\",\"width\":854,\"height\":1134},{\"@type\":\"BreadcrumbList\",\"@id\":\"https:\\\/\\\/hergersweiler.de\\\/?p=3858#breadcrumb\",\"itemListElement\":[{\"@type\":\"ListItem\",\"position\":1,\"name\":\"Startseite\",\"item\":\"https:\\\/\\\/hergersweiler.de\\\/\"},{\"@type\":\"ListItem\",\"position\":2,\"name\":\"Adventsauftakt 2025\"}]},{\"@type\":\"WebSite\",\"@id\":\"https:\\\/\\\/hergersweiler.de\\\/#website\",\"url\":\"https:\\\/\\\/hergersweiler.de\\\/\",\"name\":\"Gemeinde Hergersweiler\",\"description\":\"\",\"potentialAction\":[{\"@type\":\"SearchAction\",\"target\":{\"@type\":\"EntryPoint\",\"urlTemplate\":\"https:\\\/\\\/hergersweiler.de\\\/?s={search_term_string}\"},\"query-input\":{\"@type\":\"PropertyValueSpecification\",\"valueRequired\":true,\"valueName\":\"search_term_string\"}}],\"inLanguage\":\"de\"},{\"@type\":\"Person\",\"@id\":\"https:\\\/\\\/hergersweiler.de\\\/#\\\/schema\\\/person\\\/bb0b0cb8e362957b4aed6ae1569aab3e\",\"name\":\"Joao Freire\",\"image\":{\"@type\":\"ImageObject\",\"inLanguage\":\"de\",\"@id\":\"https:\\\/\\\/secure.gravatar.com\\\/avatar\\\/65bdb638eaaad43e8933f55321004aa31a7023eff903a52a339d48f3098e10a4?s=96&d=monsterid&r=pg\",\"url\":\"https:\\\/\\\/secure.gravatar.com\\\/avatar\\\/65bdb638eaaad43e8933f55321004aa31a7023eff903a52a339d48f3098e10a4?s=96&d=monsterid&r=pg\",\"contentUrl\":\"https:\\\/\\\/secure.gravatar.com\\\/avatar\\\/65bdb638eaaad43e8933f55321004aa31a7023eff903a52a339d48f3098e10a4?s=96&d=monsterid&r=pg\",\"caption\":\"Joao Freire\"}}]}<\/script>\n<!-- \/ Yoast SEO plugin. -->","yoast_head_json":{"title":"Adventsauftakt 2025 - Gemeinde Hergersweiler","robots":{"index":"index","follow":"follow","max-snippet":"max-snippet:-1","max-image-preview":"max-image-preview:large","max-video-preview":"max-video-preview:-1"},"canonical":"https:\/\/hergersweiler.de\/?p=3858","og_locale":"de_DE","og_type":"article","og_title":"Adventsauftakt 2025 - Gemeinde Hergersweiler","og_description":"Weihnachtsbaum auf dem Dorfplatz Hergersweiler \u2014 Adventsauftakt Auf dem Dorfplatz steht nun der geschm\u00fcckte Weihnachtsbaum und setzt den Auftakt in die Adventszeit in Hergersweiler. Vielen Dank an alle, die beim Aufstellen und Schm\u00fccken unterst\u00fctzt und mit angepackt haben. Wir w\u00fcnschen allen eine frohe Adventszeit. Foto: Janik Seither Continue reading","og_url":"https:\/\/hergersweiler.de\/?p=3858","og_site_name":"Gemeinde Hergersweiler","article_published_time":"2025-12-01T16:17:35+00:00","article_modified_time":"2025-12-01T16:20:21+00:00","og_image":[{"width":854,"height":1134,"url":"https:\/\/hergersweiler.de\/wp-content\/uploads\/2025\/12\/a64edca8-7eca-4eaa-beae-c40c3cd2d2ec.jpg","type":"image\/jpeg"}],"author":"Joao Freire","twitter_card":"summary_large_image","twitter_creator":"@hergersweiler2","twitter_site":"@hergersweiler2","twitter_misc":{"Verfasst von":"Joao Freire","Gesch\u00e4tzte Lesezeit":"1\u00a0Minute"},"schema":{"@context":"https:\/\/schema.org","@graph":[{"@type":"Article","@id":"https:\/\/hergersweiler.de\/?p=3858#article","isPartOf":{"@id":"https:\/\/hergersweiler.de\/?p=3858"},"author":{"name":"Joao Freire","@id":"https:\/\/hergersweiler.de\/#\/schema\/person\/bb0b0cb8e362957b4aed6ae1569aab3e"},"headline":"Adventsauftakt 2025","datePublished":"2025-12-01T16:17:35+00:00","dateModified":"2025-12-01T16:20:21+00:00","mainEntityOfPage":{"@id":"https:\/\/hergersweiler.de\/?p=3858"},"wordCount":51,"commentCount":0,"image":{"@id":"https:\/\/hergersweiler.de\/?p=3858#primaryimage"},"thumbnailUrl":"https:\/\/hergersweiler.de\/wp-content\/uploads\/2025\/12\/a64edca8-7eca-4eaa-beae-c40c3cd2d2ec-150x150.jpg","inLanguage":"de","potentialAction":[{"@type":"CommentAction","name":"Comment","target":["https:\/\/hergersweiler.de\/?p=3858#respond"]}]},{"@type":"WebPage","@id":"https:\/\/hergersweiler.de\/?p=3858","url":"https:\/\/hergersweiler.de\/?p=3858","name":"Adventsauftakt 2025 - Gemeinde Hergersweiler","isPartOf":{"@id":"https:\/\/hergersweiler.de\/#website"},"primaryImageOfPage":{"@id":"https:\/\/hergersweiler.de\/?p=3858#primaryimage"},"image":{"@id":"https:\/\/hergersweiler.de\/?p=3858#primaryimage"},"thumbnailUrl":"https:\/\/hergersweiler.de\/wp-content\/uploads\/2025\/12\/a64edca8-7eca-4eaa-beae-c40c3cd2d2ec-150x150.jpg","datePublished":"2025-12-01T16:17:35+00:00","dateModified":"2025-12-01T16:20:21+00:00","author":{"@id":"https:\/\/hergersweiler.de\/#\/schema\/person\/bb0b0cb8e362957b4aed6ae1569aab3e"},"breadcrumb":{"@id":"https:\/\/hergersweiler.de\/?p=3858#breadcrumb"},"inLanguage":"de","potentialAction":[{"@type":"ReadAction","target":["https:\/\/hergersweiler.de\/?p=3858"]}]},{"@type":"ImageObject","inLanguage":"de","@id":"https:\/\/hergersweiler.de\/?p=3858#primaryimage","url":"https:\/\/hergersweiler.de\/wp-content\/uploads\/2025\/12\/a64edca8-7eca-4eaa-beae-c40c3cd2d2ec.jpg","contentUrl":"https:\/\/hergersweiler.de\/wp-content\/uploads\/2025\/12\/a64edca8-7eca-4eaa-beae-c40c3cd2d2ec.jpg","width":854,"height":1134},{"@type":"BreadcrumbList","@id":"https:\/\/hergersweiler.de\/?p=3858#breadcrumb","itemListElement":[{"@type":"ListItem","position":1,"name":"Startseite","item":"https:\/\/hergersweiler.de\/"},{"@type":"ListItem","position":2,"name":"Adventsauftakt 2025"}]},{"@type":"WebSite","@id":"https:\/\/hergersweiler.de\/#website","url":"https:\/\/hergersweiler.de\/","name":"Gemeinde Hergersweiler","description":"","potentialAction":[{"@type":"SearchAction","target":{"@type":"EntryPoint","urlTemplate":"https:\/\/hergersweiler.de\/?s={search_term_string}"},"query-input":{"@type":"PropertyValueSpecification","valueRequired":true,"valueName":"search_term_string"}}],"inLanguage":"de"},{"@type":"Person","@id":"https:\/\/hergersweiler.de\/#\/schema\/person\/bb0b0cb8e362957b4aed6ae1569aab3e","name":"Joao Freire","image":{"@type":"ImageObject","inLanguage":"de","@id":"https:\/\/secure.gravatar.com\/avatar\/65bdb638eaaad43e8933f55321004aa31a7023eff903a52a339d48f3098e10a4?s=96&d=monsterid&r=pg","url":"https:\/\/secure.gravatar.com\/avatar\/65bdb638eaaad43e8933f55321004aa31a7023eff903a52a339d48f3098e10a4?s=96&d=monsterid&r=pg","contentUrl":"https:\/\/secure.gravatar.com\/avatar\/65bdb638eaaad43e8933f55321004aa31a7023eff903a52a339d48f3098e10a4?s=96&d=monsterid&r=pg","caption":"Joao Freire"}}]}},"jetpack_featured_media_url":"","jetpack_sharing_enabled":true,"_links":{"self":[{"href":"https:\/\/hergersweiler.de\/index.php?rest_route=\/wp\/v2\/posts\/3858","targetHints":{"allow":["GET"]}}],"collection":[{"href":"https:\/\/hergersweiler.de\/index.php?rest_route=\/wp\/v2\/posts"}],"about":[{"href":"https:\/\/hergersweiler.de\/index.php?rest_route=\/wp\/v2\/types\/post"}],"author":[{"embeddable":true,"href":"https:\/\/hergersweiler.de\/index.php?rest_route=\/wp\/v2\/users\/4"}],"replies":[{"embeddable":true,"href":"https:\/\/hergersweiler.de\/index.php?rest_route=%2Fwp%2Fv2%2Fcomments&post=3858"}],"version-history":[{"count":5,"href":"https:\/\/hergersweiler.de\/index.php?rest_route=\/wp\/v2\/posts\/3858\/revisions"}],"predecessor-version":[{"id":3864,"href":"https:\/\/hergersweiler.de\/index.php?rest_route=\/wp\/v2\/posts\/3858\/revisions\/3864"}],"wp:attachment":[{"href":"https:\/\/hergersweiler.de\/index.php?rest_route=%2Fwp%2Fv2%2Fmedia&parent=3858"}],"wp:term":[{"taxonomy":"category","embeddable":true,"href":"https:\/\/hergersweiler.de\/index.php?rest_route=%2Fwp%2Fv2%2Fcategories&post=3858"},{"taxonomy":"post_tag","embeddable":true,"href":"https:\/\/hergersweiler.de\/index.php?rest_route=%2Fwp%2Fv2%2Ftags&post=3858"}],"curies":[{"name":"wp","href":"https:\/\/api.w.org\/{rel}","templated":true}]}}