{"id":3354,"date":"2025-02-12T11:07:00","date_gmt":"2025-02-12T10:07:00","guid":{"rendered":"https:\/\/hergersweiler.de\/?p=3354"},"modified":"2025-11-28T12:54:55","modified_gmt":"2025-11-28T11:54:55","slug":"fahrplanaenderungen-fuer-hergersweiler","status":"publish","type":"post","link":"https:\/\/hergersweiler.de\/?p=3354","title":{"rendered":"NEU &#8211; Fahrplan\u00e4nderungen f\u00fcr Hergersweiler ab Schulzentrum"},"content":{"rendered":"\n<p><\/p>\n\n\n\n<p>Aufgrund mangelnder Nachfrage und h\u00e4ufig leerer Busse wurde die Buslinie 547 gr\u00f6\u00dftenteils eingestellt. <\/p>\n\n\n\n<p>Diese Ma\u00dfnahme war notwendig, um die Kosten effizienter zu gestalten und die begrenzten Ressourcen besser zu nutzen.&nbsp;<\/p>\n\n\n\n<p>Als Kompensation hat die Kreisverwaltung jedoch speziell f\u00fcr Hergersweiler eine Anbindung an die Ruftaxi-Linie 5946 geschaffen. So kann das Ruftaxi z.B. auch nach der 8. Schulstunde genutzt werden (in diesem Fall bitte den Hinweis geben, dass der Fahrer ein paar Minuten wartet, da die Schule ja erst um 14:45 Uhr endet).<\/p>\n\n\n\n<p>Die Ruftaxi-Linie ist buchbar per Telefon unter der Nummer 0621\/1077077 sp\u00e4testens 30 Minuten vor der gew\u00fcnschten Abfahrt oder \u00fcber die myVRN-App (es gelten die regul\u00e4ren Tickets wie auch beim Bus).<\/p>\n\n\n\n<p>Zur einfachen \u00dcbersicht stehen hier die aktualisierten Zeiten und die Transportmittel.<\/p>\n\n\n\n<p>Hierbei betrifft es nur die weiterf\u00fchrende Schule ab Klasse 5.<\/p>\n\n\n\n<figure class=\"wp-block-image size-large\"><img loading=\"lazy\" decoding=\"async\" width=\"859\" height=\"519\" src=\"https:\/\/hergersweiler.de\/wp-content\/uploads\/2025\/02\/vrn-1.png\" alt=\"\" class=\"wp-image-3362\" srcset=\"https:\/\/hergersweiler.de\/wp-content\/uploads\/2025\/02\/vrn-1.png 859w, https:\/\/hergersweiler.de\/wp-content\/uploads\/2025\/02\/vrn-1-300x181.png 300w, https:\/\/hergersweiler.de\/wp-content\/uploads\/2025\/02\/vrn-1-768x464.png 768w, https:\/\/hergersweiler.de\/wp-content\/uploads\/2025\/02\/vrn-1-150x91.png 150w, https:\/\/hergersweiler.de\/wp-content\/uploads\/2025\/02\/vrn-1-250x150.png 250w\" sizes=\"auto, (max-width: 859px) 100vw, 859px\" \/><\/figure>\n","protected":false},"excerpt":{"rendered":"<p>Aufgrund mangelnder Nachfrage und h\u00e4ufig leerer Busse wurde die Buslinie 547 gr\u00f6\u00dftenteils eingestellt. Diese Ma\u00dfnahme war notwendig, um die Kosten effizienter zu gestalten und die begrenzten Ressourcen besser zu nutzen.&nbsp; Als Kompensation hat die Kreisverwaltung jedoch speziell f\u00fcr Hergersweiler eine Anbindung an die Ruftaxi-Linie 5946 geschaffen. So kann das Ruftaxi\u2026<\/p>\n<p> <a class=\"continue-reading-link\" href=\"https:\/\/hergersweiler.de\/?p=3354\"><span>Continue reading<\/span><i class=\"crycon-right-dir\"><\/i><\/a> <\/p>\n","protected":false},"author":1,"featured_media":0,"comment_status":"open","ping_status":"open","sticky":false,"template":"","format":"standard","meta":{"ngg_post_thumbnail":0,"_jetpack_memberships_contains_paid_content":false,"footnotes":""},"categories":[12],"tags":[],"class_list":["post-3354","post","type-post","status-publish","format-standard","hentry","category-wichtig"],"yoast_head":"<!-- This site is optimized with the Yoast SEO plugin v27.5 - https:\/\/yoast.com\/product\/yoast-seo-wordpress\/ -->\n<title>NEU - Fahrplan\u00e4nderungen f\u00fcr Hergersweiler ab Schulzentrum - Gemeinde Hergersweiler<\/title>\n<meta name=\"robots\" content=\"index, follow, max-snippet:-1, max-image-preview:large, max-video-preview:-1\" \/>\n<link rel=\"canonical\" href=\"https:\/\/hergersweiler.de\/?p=3354\" \/>\n<meta property=\"og:locale\" content=\"de_DE\" \/>\n<meta property=\"og:type\" content=\"article\" \/>\n<meta property=\"og:title\" content=\"NEU - Fahrplan\u00e4nderungen f\u00fcr Hergersweiler ab Schulzentrum - Gemeinde Hergersweiler\" \/>\n<meta property=\"og:description\" content=\"Aufgrund mangelnder Nachfrage und h\u00e4ufig leerer Busse wurde die Buslinie 547 gr\u00f6\u00dftenteils eingestellt. Diese Ma\u00dfnahme war notwendig, um die Kosten effizienter zu gestalten und die begrenzten Ressourcen besser zu nutzen.&nbsp; Als Kompensation hat die Kreisverwaltung jedoch speziell f\u00fcr Hergersweiler eine Anbindung an die Ruftaxi-Linie 5946 geschaffen. So kann das Ruftaxi\u2026 Continue reading\" \/>\n<meta property=\"og:url\" content=\"https:\/\/hergersweiler.de\/?p=3354\" \/>\n<meta property=\"og:site_name\" content=\"Gemeinde Hergersweiler\" \/>\n<meta property=\"article:published_time\" content=\"2025-02-12T10:07:00+00:00\" \/>\n<meta property=\"article:modified_time\" content=\"2025-11-28T11:54:55+00:00\" \/>\n<meta property=\"og:image\" content=\"https:\/\/hergersweiler.de\/wp-content\/uploads\/2025\/02\/vrn-1.png\" \/>\n\t<meta property=\"og:image:width\" content=\"859\" \/>\n\t<meta property=\"og:image:height\" content=\"519\" \/>\n\t<meta property=\"og:image:type\" content=\"image\/png\" \/>\n<meta name=\"author\" content=\"admin\" \/>\n<meta name=\"twitter:card\" content=\"summary_large_image\" \/>\n<meta name=\"twitter:creator\" content=\"@hergersweiler2\" \/>\n<meta name=\"twitter:site\" content=\"@hergersweiler2\" \/>\n<meta name=\"twitter:label1\" content=\"Verfasst von\" \/>\n\t<meta name=\"twitter:data1\" content=\"admin\" \/>\n\t<meta name=\"twitter:label2\" content=\"Gesch\u00e4tzte Lesezeit\" \/>\n\t<meta name=\"twitter:data2\" content=\"1\u00a0Minute\" \/>\n<script type=\"application\/ld+json\" class=\"yoast-schema-graph\">{\"@context\":\"https:\\\/\\\/schema.org\",\"@graph\":[{\"@type\":\"Article\",\"@id\":\"https:\\\/\\\/hergersweiler.de\\\/?p=3354#article\",\"isPartOf\":{\"@id\":\"https:\\\/\\\/hergersweiler.de\\\/?p=3354\"},\"author\":{\"name\":\"admin\",\"@id\":\"https:\\\/\\\/hergersweiler.de\\\/#\\\/schema\\\/person\\\/7b0befa872e696b07e63c64f7811d8ea\"},\"headline\":\"NEU &#8211; Fahrplan\u00e4nderungen f\u00fcr Hergersweiler ab Schulzentrum\",\"datePublished\":\"2025-02-12T10:07:00+00:00\",\"dateModified\":\"2025-11-28T11:54:55+00:00\",\"mainEntityOfPage\":{\"@id\":\"https:\\\/\\\/hergersweiler.de\\\/?p=3354\"},\"wordCount\":144,\"commentCount\":0,\"image\":{\"@id\":\"https:\\\/\\\/hergersweiler.de\\\/?p=3354#primaryimage\"},\"thumbnailUrl\":\"https:\\\/\\\/hergersweiler.de\\\/wp-content\\\/uploads\\\/2025\\\/02\\\/vrn-1.png\",\"articleSection\":[\"Wichtig\"],\"inLanguage\":\"de\",\"potentialAction\":[{\"@type\":\"CommentAction\",\"name\":\"Comment\",\"target\":[\"https:\\\/\\\/hergersweiler.de\\\/?p=3354#respond\"]}]},{\"@type\":\"WebPage\",\"@id\":\"https:\\\/\\\/hergersweiler.de\\\/?p=3354\",\"url\":\"https:\\\/\\\/hergersweiler.de\\\/?p=3354\",\"name\":\"NEU - Fahrplan\u00e4nderungen f\u00fcr Hergersweiler ab Schulzentrum - Gemeinde Hergersweiler\",\"isPartOf\":{\"@id\":\"https:\\\/\\\/hergersweiler.de\\\/#website\"},\"primaryImageOfPage\":{\"@id\":\"https:\\\/\\\/hergersweiler.de\\\/?p=3354#primaryimage\"},\"image\":{\"@id\":\"https:\\\/\\\/hergersweiler.de\\\/?p=3354#primaryimage\"},\"thumbnailUrl\":\"https:\\\/\\\/hergersweiler.de\\\/wp-content\\\/uploads\\\/2025\\\/02\\\/vrn-1.png\",\"datePublished\":\"2025-02-12T10:07:00+00:00\",\"dateModified\":\"2025-11-28T11:54:55+00:00\",\"author\":{\"@id\":\"https:\\\/\\\/hergersweiler.de\\\/#\\\/schema\\\/person\\\/7b0befa872e696b07e63c64f7811d8ea\"},\"breadcrumb\":{\"@id\":\"https:\\\/\\\/hergersweiler.de\\\/?p=3354#breadcrumb\"},\"inLanguage\":\"de\",\"potentialAction\":[{\"@type\":\"ReadAction\",\"target\":[\"https:\\\/\\\/hergersweiler.de\\\/?p=3354\"]}]},{\"@type\":\"ImageObject\",\"inLanguage\":\"de\",\"@id\":\"https:\\\/\\\/hergersweiler.de\\\/?p=3354#primaryimage\",\"url\":\"https:\\\/\\\/hergersweiler.de\\\/wp-content\\\/uploads\\\/2025\\\/02\\\/vrn-1.png\",\"contentUrl\":\"https:\\\/\\\/hergersweiler.de\\\/wp-content\\\/uploads\\\/2025\\\/02\\\/vrn-1.png\",\"width\":859,\"height\":519},{\"@type\":\"BreadcrumbList\",\"@id\":\"https:\\\/\\\/hergersweiler.de\\\/?p=3354#breadcrumb\",\"itemListElement\":[{\"@type\":\"ListItem\",\"position\":1,\"name\":\"Startseite\",\"item\":\"https:\\\/\\\/hergersweiler.de\\\/\"},{\"@type\":\"ListItem\",\"position\":2,\"name\":\"NEU &#8211; Fahrplan\u00e4nderungen f\u00fcr Hergersweiler ab Schulzentrum\"}]},{\"@type\":\"WebSite\",\"@id\":\"https:\\\/\\\/hergersweiler.de\\\/#website\",\"url\":\"https:\\\/\\\/hergersweiler.de\\\/\",\"name\":\"Gemeinde Hergersweiler\",\"description\":\"\",\"potentialAction\":[{\"@type\":\"SearchAction\",\"target\":{\"@type\":\"EntryPoint\",\"urlTemplate\":\"https:\\\/\\\/hergersweiler.de\\\/?s={search_term_string}\"},\"query-input\":{\"@type\":\"PropertyValueSpecification\",\"valueRequired\":true,\"valueName\":\"search_term_string\"}}],\"inLanguage\":\"de\"},{\"@type\":\"Person\",\"@id\":\"https:\\\/\\\/hergersweiler.de\\\/#\\\/schema\\\/person\\\/7b0befa872e696b07e63c64f7811d8ea\",\"name\":\"admin\",\"image\":{\"@type\":\"ImageObject\",\"inLanguage\":\"de\",\"@id\":\"https:\\\/\\\/secure.gravatar.com\\\/avatar\\\/13341db60fcfa0ddafe9c9c860a705e50d7a86cdda430a30904ba51f7e244366?s=96&d=monsterid&r=pg\",\"url\":\"https:\\\/\\\/secure.gravatar.com\\\/avatar\\\/13341db60fcfa0ddafe9c9c860a705e50d7a86cdda430a30904ba51f7e244366?s=96&d=monsterid&r=pg\",\"contentUrl\":\"https:\\\/\\\/secure.gravatar.com\\\/avatar\\\/13341db60fcfa0ddafe9c9c860a705e50d7a86cdda430a30904ba51f7e244366?s=96&d=monsterid&r=pg\",\"caption\":\"admin\"}}]}<\/script>\n<!-- \/ Yoast SEO plugin. -->","yoast_head_json":{"title":"NEU - Fahrplan\u00e4nderungen f\u00fcr Hergersweiler ab Schulzentrum - Gemeinde Hergersweiler","robots":{"index":"index","follow":"follow","max-snippet":"max-snippet:-1","max-image-preview":"max-image-preview:large","max-video-preview":"max-video-preview:-1"},"canonical":"https:\/\/hergersweiler.de\/?p=3354","og_locale":"de_DE","og_type":"article","og_title":"NEU - Fahrplan\u00e4nderungen f\u00fcr Hergersweiler ab Schulzentrum - Gemeinde Hergersweiler","og_description":"Aufgrund mangelnder Nachfrage und h\u00e4ufig leerer Busse wurde die Buslinie 547 gr\u00f6\u00dftenteils eingestellt. Diese Ma\u00dfnahme war notwendig, um die Kosten effizienter zu gestalten und die begrenzten Ressourcen besser zu nutzen.&nbsp; Als Kompensation hat die Kreisverwaltung jedoch speziell f\u00fcr Hergersweiler eine Anbindung an die Ruftaxi-Linie 5946 geschaffen. So kann das Ruftaxi\u2026 Continue reading","og_url":"https:\/\/hergersweiler.de\/?p=3354","og_site_name":"Gemeinde Hergersweiler","article_published_time":"2025-02-12T10:07:00+00:00","article_modified_time":"2025-11-28T11:54:55+00:00","og_image":[{"width":859,"height":519,"url":"https:\/\/hergersweiler.de\/wp-content\/uploads\/2025\/02\/vrn-1.png","type":"image\/png"}],"author":"admin","twitter_card":"summary_large_image","twitter_creator":"@hergersweiler2","twitter_site":"@hergersweiler2","twitter_misc":{"Verfasst von":"admin","Gesch\u00e4tzte Lesezeit":"1\u00a0Minute"},"schema":{"@context":"https:\/\/schema.org","@graph":[{"@type":"Article","@id":"https:\/\/hergersweiler.de\/?p=3354#article","isPartOf":{"@id":"https:\/\/hergersweiler.de\/?p=3354"},"author":{"name":"admin","@id":"https:\/\/hergersweiler.de\/#\/schema\/person\/7b0befa872e696b07e63c64f7811d8ea"},"headline":"NEU &#8211; Fahrplan\u00e4nderungen f\u00fcr Hergersweiler ab Schulzentrum","datePublished":"2025-02-12T10:07:00+00:00","dateModified":"2025-11-28T11:54:55+00:00","mainEntityOfPage":{"@id":"https:\/\/hergersweiler.de\/?p=3354"},"wordCount":144,"commentCount":0,"image":{"@id":"https:\/\/hergersweiler.de\/?p=3354#primaryimage"},"thumbnailUrl":"https:\/\/hergersweiler.de\/wp-content\/uploads\/2025\/02\/vrn-1.png","articleSection":["Wichtig"],"inLanguage":"de","potentialAction":[{"@type":"CommentAction","name":"Comment","target":["https:\/\/hergersweiler.de\/?p=3354#respond"]}]},{"@type":"WebPage","@id":"https:\/\/hergersweiler.de\/?p=3354","url":"https:\/\/hergersweiler.de\/?p=3354","name":"NEU - Fahrplan\u00e4nderungen f\u00fcr Hergersweiler ab Schulzentrum - Gemeinde Hergersweiler","isPartOf":{"@id":"https:\/\/hergersweiler.de\/#website"},"primaryImageOfPage":{"@id":"https:\/\/hergersweiler.de\/?p=3354#primaryimage"},"image":{"@id":"https:\/\/hergersweiler.de\/?p=3354#primaryimage"},"thumbnailUrl":"https:\/\/hergersweiler.de\/wp-content\/uploads\/2025\/02\/vrn-1.png","datePublished":"2025-02-12T10:07:00+00:00","dateModified":"2025-11-28T11:54:55+00:00","author":{"@id":"https:\/\/hergersweiler.de\/#\/schema\/person\/7b0befa872e696b07e63c64f7811d8ea"},"breadcrumb":{"@id":"https:\/\/hergersweiler.de\/?p=3354#breadcrumb"},"inLanguage":"de","potentialAction":[{"@type":"ReadAction","target":["https:\/\/hergersweiler.de\/?p=3354"]}]},{"@type":"ImageObject","inLanguage":"de","@id":"https:\/\/hergersweiler.de\/?p=3354#primaryimage","url":"https:\/\/hergersweiler.de\/wp-content\/uploads\/2025\/02\/vrn-1.png","contentUrl":"https:\/\/hergersweiler.de\/wp-content\/uploads\/2025\/02\/vrn-1.png","width":859,"height":519},{"@type":"BreadcrumbList","@id":"https:\/\/hergersweiler.de\/?p=3354#breadcrumb","itemListElement":[{"@type":"ListItem","position":1,"name":"Startseite","item":"https:\/\/hergersweiler.de\/"},{"@type":"ListItem","position":2,"name":"NEU &#8211; Fahrplan\u00e4nderungen f\u00fcr Hergersweiler ab Schulzentrum"}]},{"@type":"WebSite","@id":"https:\/\/hergersweiler.de\/#website","url":"https:\/\/hergersweiler.de\/","name":"Gemeinde Hergersweiler","description":"","potentialAction":[{"@type":"SearchAction","target":{"@type":"EntryPoint","urlTemplate":"https:\/\/hergersweiler.de\/?s={search_term_string}"},"query-input":{"@type":"PropertyValueSpecification","valueRequired":true,"valueName":"search_term_string"}}],"inLanguage":"de"},{"@type":"Person","@id":"https:\/\/hergersweiler.de\/#\/schema\/person\/7b0befa872e696b07e63c64f7811d8ea","name":"admin","image":{"@type":"ImageObject","inLanguage":"de","@id":"https:\/\/secure.gravatar.com\/avatar\/13341db60fcfa0ddafe9c9c860a705e50d7a86cdda430a30904ba51f7e244366?s=96&d=monsterid&r=pg","url":"https:\/\/secure.gravatar.com\/avatar\/13341db60fcfa0ddafe9c9c860a705e50d7a86cdda430a30904ba51f7e244366?s=96&d=monsterid&r=pg","contentUrl":"https:\/\/secure.gravatar.com\/avatar\/13341db60fcfa0ddafe9c9c860a705e50d7a86cdda430a30904ba51f7e244366?s=96&d=monsterid&r=pg","caption":"admin"}}]}},"jetpack_featured_media_url":"","jetpack_sharing_enabled":true,"_links":{"self":[{"href":"https:\/\/hergersweiler.de\/index.php?rest_route=\/wp\/v2\/posts\/3354","targetHints":{"allow":["GET"]}}],"collection":[{"href":"https:\/\/hergersweiler.de\/index.php?rest_route=\/wp\/v2\/posts"}],"about":[{"href":"https:\/\/hergersweiler.de\/index.php?rest_route=\/wp\/v2\/types\/post"}],"author":[{"embeddable":true,"href":"https:\/\/hergersweiler.de\/index.php?rest_route=\/wp\/v2\/users\/1"}],"replies":[{"embeddable":true,"href":"https:\/\/hergersweiler.de\/index.php?rest_route=%2Fwp%2Fv2%2Fcomments&post=3354"}],"version-history":[{"count":7,"href":"https:\/\/hergersweiler.de\/index.php?rest_route=\/wp\/v2\/posts\/3354\/revisions"}],"predecessor-version":[{"id":3365,"href":"https:\/\/hergersweiler.de\/index.php?rest_route=\/wp\/v2\/posts\/3354\/revisions\/3365"}],"wp:attachment":[{"href":"https:\/\/hergersweiler.de\/index.php?rest_route=%2Fwp%2Fv2%2Fmedia&parent=3354"}],"wp:term":[{"taxonomy":"category","embeddable":true,"href":"https:\/\/hergersweiler.de\/index.php?rest_route=%2Fwp%2Fv2%2Fcategories&post=3354"},{"taxonomy":"post_tag","embeddable":true,"href":"https:\/\/hergersweiler.de\/index.php?rest_route=%2Fwp%2Fv2%2Ftags&post=3354"}],"curies":[{"name":"wp","href":"https:\/\/api.w.org\/{rel}","templated":true}]}}