{"id":3351,"date":"2025-02-04T10:04:07","date_gmt":"2025-02-04T09:04:07","guid":{"rendered":"https:\/\/hergersweiler.de\/?p=3351"},"modified":"2025-02-04T10:04:07","modified_gmt":"2025-02-04T09:04:07","slug":"neue-infos-zur-fahrt-nach-vesser","status":"publish","type":"post","link":"https:\/\/hergersweiler.de\/?p=3351","title":{"rendered":"Neue Infos zur Fahrt nach Vesser"},"content":{"rendered":"\n<hr class=\"wp-block-separator has-alpha-channel-opacity\"\/>\n\n\n<div class=\"wp-block-image\">\n<figure class=\"aligncenter size-large\"><img loading=\"lazy\" decoding=\"async\" width=\"311\" height=\"99\" src=\"https:\/\/hergersweiler.de\/wp-content\/uploads\/2025\/02\/img_1318-1.png\" class=\"wp-image-3350\" srcset=\"https:\/\/hergersweiler.de\/wp-content\/uploads\/2025\/02\/img_1318-1.png 311w, https:\/\/hergersweiler.de\/wp-content\/uploads\/2025\/02\/img_1318-1-300x95.png 300w, https:\/\/hergersweiler.de\/wp-content\/uploads\/2025\/02\/img_1318-1-150x48.png 150w\" sizes=\"auto, (max-width: 311px) 100vw, 311px\" \/><\/figure><\/div>\n\n\n<hr class=\"wp-block-separator has-alpha-channel-opacity\"\/>\n\n\n\n<p>Liebe Einwohnerinnen und Einwohner von Hergersweiler.<\/p>\n\n\n\n<p>Hier eine weitere Info zur Fahrt zu 1125 Jahre Vesser vom 27.Juni bis 29.Juni. <\/p>\n\n\n\n<p>F\u00fcr die Busfahrt mit Hotel\u00fcbernachtung in Suhl haben wir bisher erst 19 Anmeldungen, daher gibt es nach R\u00fccksprache mit dem Busunternehmen noch zwei Angebote mit folgenden M\u00f6glichkeiten:<\/p>\n\n\n\n<p><\/p>\n\n\n\n<ol class=\"wp-block-list\">\n<li>Nur Fahrt mit dem Bus und die Unterkunft wird selbst gebucht.<\/li>\n\n\n\n<li>Nur Buchung des Hotelzimmers und die Fahrt nach Vesser erfolgt mit dem eigenen Fahrzeug.<\/li>\n<\/ol>\n\n\n\n<p>Wer von einer der beiden M\u00f6glichkeiten Gebrauch machen m\u00f6chte, m\u00f6ge sich bitte bis zum Freitagvormittag dieser Woche bei Helmut Heib melden.<\/p>\n","protected":false},"excerpt":{"rendered":"<p>Liebe Einwohnerinnen und Einwohner von Hergersweiler. Hier eine weitere Info zur Fahrt zu 1125 Jahre Vesser vom 27.Juni bis 29.Juni. F\u00fcr die Busfahrt mit Hotel\u00fcbernachtung in Suhl haben wir bisher erst 19 Anmeldungen, daher gibt es nach R\u00fccksprache mit dem Busunternehmen noch zwei Angebote mit folgenden M\u00f6glichkeiten: Wer von einer\u2026<\/p>\n<p> <a class=\"continue-reading-link\" href=\"https:\/\/hergersweiler.de\/?p=3351\"><span>Continue reading<\/span><i class=\"crycon-right-dir\"><\/i><\/a> <\/p>\n","protected":false},"author":1,"featured_media":0,"comment_status":"open","ping_status":"open","sticky":false,"template":"","format":"standard","meta":{"ngg_post_thumbnail":0,"_jetpack_memberships_contains_paid_content":false,"footnotes":""},"categories":[1],"tags":[],"class_list":["post-3351","post","type-post","status-publish","format-standard","hentry","category-allgemein"],"yoast_head":"<!-- This site is optimized with the Yoast SEO plugin v27.5 - https:\/\/yoast.com\/product\/yoast-seo-wordpress\/ -->\n<title>Neue Infos zur Fahrt nach Vesser - Gemeinde Hergersweiler<\/title>\n<meta name=\"robots\" content=\"index, follow, max-snippet:-1, max-image-preview:large, max-video-preview:-1\" \/>\n<link rel=\"canonical\" href=\"https:\/\/hergersweiler.de\/?p=3351\" \/>\n<meta property=\"og:locale\" content=\"de_DE\" \/>\n<meta property=\"og:type\" content=\"article\" \/>\n<meta property=\"og:title\" content=\"Neue Infos zur Fahrt nach Vesser - Gemeinde Hergersweiler\" \/>\n<meta property=\"og:description\" content=\"Liebe Einwohnerinnen und Einwohner von Hergersweiler. Hier eine weitere Info zur Fahrt zu 1125 Jahre Vesser vom 27.Juni bis 29.Juni. F\u00fcr die Busfahrt mit Hotel\u00fcbernachtung in Suhl haben wir bisher erst 19 Anmeldungen, daher gibt es nach R\u00fccksprache mit dem Busunternehmen noch zwei Angebote mit folgenden M\u00f6glichkeiten: Wer von einer\u2026 Continue reading\" \/>\n<meta property=\"og:url\" content=\"https:\/\/hergersweiler.de\/?p=3351\" \/>\n<meta property=\"og:site_name\" content=\"Gemeinde Hergersweiler\" \/>\n<meta property=\"article:published_time\" content=\"2025-02-04T09:04:07+00:00\" \/>\n<meta property=\"og:image\" content=\"https:\/\/hergersweiler.de\/wp-content\/uploads\/2025\/02\/img_1318-1.png\" \/>\n\t<meta property=\"og:image:width\" content=\"311\" \/>\n\t<meta property=\"og:image:height\" content=\"99\" \/>\n\t<meta property=\"og:image:type\" content=\"image\/png\" \/>\n<meta name=\"author\" content=\"admin\" \/>\n<meta name=\"twitter:card\" content=\"summary_large_image\" \/>\n<meta name=\"twitter:creator\" content=\"@hergersweiler2\" \/>\n<meta name=\"twitter:site\" content=\"@hergersweiler2\" \/>\n<meta name=\"twitter:label1\" content=\"Verfasst von\" \/>\n\t<meta name=\"twitter:data1\" content=\"admin\" \/>\n<script type=\"application\/ld+json\" class=\"yoast-schema-graph\">{\"@context\":\"https:\\\/\\\/schema.org\",\"@graph\":[{\"@type\":\"Article\",\"@id\":\"https:\\\/\\\/hergersweiler.de\\\/?p=3351#article\",\"isPartOf\":{\"@id\":\"https:\\\/\\\/hergersweiler.de\\\/?p=3351\"},\"author\":{\"name\":\"admin\",\"@id\":\"https:\\\/\\\/hergersweiler.de\\\/#\\\/schema\\\/person\\\/7b0befa872e696b07e63c64f7811d8ea\"},\"headline\":\"Neue Infos zur Fahrt nach Vesser\",\"datePublished\":\"2025-02-04T09:04:07+00:00\",\"mainEntityOfPage\":{\"@id\":\"https:\\\/\\\/hergersweiler.de\\\/?p=3351\"},\"wordCount\":104,\"commentCount\":0,\"image\":{\"@id\":\"https:\\\/\\\/hergersweiler.de\\\/?p=3351#primaryimage\"},\"thumbnailUrl\":\"https:\\\/\\\/hergersweiler.de\\\/wp-content\\\/uploads\\\/2025\\\/02\\\/img_1318-1.png\",\"inLanguage\":\"de\",\"potentialAction\":[{\"@type\":\"CommentAction\",\"name\":\"Comment\",\"target\":[\"https:\\\/\\\/hergersweiler.de\\\/?p=3351#respond\"]}]},{\"@type\":\"WebPage\",\"@id\":\"https:\\\/\\\/hergersweiler.de\\\/?p=3351\",\"url\":\"https:\\\/\\\/hergersweiler.de\\\/?p=3351\",\"name\":\"Neue Infos zur Fahrt nach Vesser - Gemeinde Hergersweiler\",\"isPartOf\":{\"@id\":\"https:\\\/\\\/hergersweiler.de\\\/#website\"},\"primaryImageOfPage\":{\"@id\":\"https:\\\/\\\/hergersweiler.de\\\/?p=3351#primaryimage\"},\"image\":{\"@id\":\"https:\\\/\\\/hergersweiler.de\\\/?p=3351#primaryimage\"},\"thumbnailUrl\":\"https:\\\/\\\/hergersweiler.de\\\/wp-content\\\/uploads\\\/2025\\\/02\\\/img_1318-1.png\",\"datePublished\":\"2025-02-04T09:04:07+00:00\",\"author\":{\"@id\":\"https:\\\/\\\/hergersweiler.de\\\/#\\\/schema\\\/person\\\/7b0befa872e696b07e63c64f7811d8ea\"},\"breadcrumb\":{\"@id\":\"https:\\\/\\\/hergersweiler.de\\\/?p=3351#breadcrumb\"},\"inLanguage\":\"de\",\"potentialAction\":[{\"@type\":\"ReadAction\",\"target\":[\"https:\\\/\\\/hergersweiler.de\\\/?p=3351\"]}]},{\"@type\":\"ImageObject\",\"inLanguage\":\"de\",\"@id\":\"https:\\\/\\\/hergersweiler.de\\\/?p=3351#primaryimage\",\"url\":\"https:\\\/\\\/hergersweiler.de\\\/wp-content\\\/uploads\\\/2025\\\/02\\\/img_1318-1.png\",\"contentUrl\":\"https:\\\/\\\/hergersweiler.de\\\/wp-content\\\/uploads\\\/2025\\\/02\\\/img_1318-1.png\",\"width\":311,\"height\":99},{\"@type\":\"BreadcrumbList\",\"@id\":\"https:\\\/\\\/hergersweiler.de\\\/?p=3351#breadcrumb\",\"itemListElement\":[{\"@type\":\"ListItem\",\"position\":1,\"name\":\"Startseite\",\"item\":\"https:\\\/\\\/hergersweiler.de\\\/\"},{\"@type\":\"ListItem\",\"position\":2,\"name\":\"Neue Infos zur Fahrt nach Vesser\"}]},{\"@type\":\"WebSite\",\"@id\":\"https:\\\/\\\/hergersweiler.de\\\/#website\",\"url\":\"https:\\\/\\\/hergersweiler.de\\\/\",\"name\":\"Gemeinde Hergersweiler\",\"description\":\"\",\"potentialAction\":[{\"@type\":\"SearchAction\",\"target\":{\"@type\":\"EntryPoint\",\"urlTemplate\":\"https:\\\/\\\/hergersweiler.de\\\/?s={search_term_string}\"},\"query-input\":{\"@type\":\"PropertyValueSpecification\",\"valueRequired\":true,\"valueName\":\"search_term_string\"}}],\"inLanguage\":\"de\"},{\"@type\":\"Person\",\"@id\":\"https:\\\/\\\/hergersweiler.de\\\/#\\\/schema\\\/person\\\/7b0befa872e696b07e63c64f7811d8ea\",\"name\":\"admin\",\"image\":{\"@type\":\"ImageObject\",\"inLanguage\":\"de\",\"@id\":\"https:\\\/\\\/secure.gravatar.com\\\/avatar\\\/13341db60fcfa0ddafe9c9c860a705e50d7a86cdda430a30904ba51f7e244366?s=96&d=monsterid&r=pg\",\"url\":\"https:\\\/\\\/secure.gravatar.com\\\/avatar\\\/13341db60fcfa0ddafe9c9c860a705e50d7a86cdda430a30904ba51f7e244366?s=96&d=monsterid&r=pg\",\"contentUrl\":\"https:\\\/\\\/secure.gravatar.com\\\/avatar\\\/13341db60fcfa0ddafe9c9c860a705e50d7a86cdda430a30904ba51f7e244366?s=96&d=monsterid&r=pg\",\"caption\":\"admin\"}}]}<\/script>\n<!-- \/ Yoast SEO plugin. -->","yoast_head_json":{"title":"Neue Infos zur Fahrt nach Vesser - Gemeinde Hergersweiler","robots":{"index":"index","follow":"follow","max-snippet":"max-snippet:-1","max-image-preview":"max-image-preview:large","max-video-preview":"max-video-preview:-1"},"canonical":"https:\/\/hergersweiler.de\/?p=3351","og_locale":"de_DE","og_type":"article","og_title":"Neue Infos zur Fahrt nach Vesser - Gemeinde Hergersweiler","og_description":"Liebe Einwohnerinnen und Einwohner von Hergersweiler. Hier eine weitere Info zur Fahrt zu 1125 Jahre Vesser vom 27.Juni bis 29.Juni. F\u00fcr die Busfahrt mit Hotel\u00fcbernachtung in Suhl haben wir bisher erst 19 Anmeldungen, daher gibt es nach R\u00fccksprache mit dem Busunternehmen noch zwei Angebote mit folgenden M\u00f6glichkeiten: Wer von einer\u2026 Continue reading","og_url":"https:\/\/hergersweiler.de\/?p=3351","og_site_name":"Gemeinde Hergersweiler","article_published_time":"2025-02-04T09:04:07+00:00","og_image":[{"width":311,"height":99,"url":"https:\/\/hergersweiler.de\/wp-content\/uploads\/2025\/02\/img_1318-1.png","type":"image\/png"}],"author":"admin","twitter_card":"summary_large_image","twitter_creator":"@hergersweiler2","twitter_site":"@hergersweiler2","twitter_misc":{"Verfasst von":"admin"},"schema":{"@context":"https:\/\/schema.org","@graph":[{"@type":"Article","@id":"https:\/\/hergersweiler.de\/?p=3351#article","isPartOf":{"@id":"https:\/\/hergersweiler.de\/?p=3351"},"author":{"name":"admin","@id":"https:\/\/hergersweiler.de\/#\/schema\/person\/7b0befa872e696b07e63c64f7811d8ea"},"headline":"Neue Infos zur Fahrt nach Vesser","datePublished":"2025-02-04T09:04:07+00:00","mainEntityOfPage":{"@id":"https:\/\/hergersweiler.de\/?p=3351"},"wordCount":104,"commentCount":0,"image":{"@id":"https:\/\/hergersweiler.de\/?p=3351#primaryimage"},"thumbnailUrl":"https:\/\/hergersweiler.de\/wp-content\/uploads\/2025\/02\/img_1318-1.png","inLanguage":"de","potentialAction":[{"@type":"CommentAction","name":"Comment","target":["https:\/\/hergersweiler.de\/?p=3351#respond"]}]},{"@type":"WebPage","@id":"https:\/\/hergersweiler.de\/?p=3351","url":"https:\/\/hergersweiler.de\/?p=3351","name":"Neue Infos zur Fahrt nach Vesser - Gemeinde Hergersweiler","isPartOf":{"@id":"https:\/\/hergersweiler.de\/#website"},"primaryImageOfPage":{"@id":"https:\/\/hergersweiler.de\/?p=3351#primaryimage"},"image":{"@id":"https:\/\/hergersweiler.de\/?p=3351#primaryimage"},"thumbnailUrl":"https:\/\/hergersweiler.de\/wp-content\/uploads\/2025\/02\/img_1318-1.png","datePublished":"2025-02-04T09:04:07+00:00","author":{"@id":"https:\/\/hergersweiler.de\/#\/schema\/person\/7b0befa872e696b07e63c64f7811d8ea"},"breadcrumb":{"@id":"https:\/\/hergersweiler.de\/?p=3351#breadcrumb"},"inLanguage":"de","potentialAction":[{"@type":"ReadAction","target":["https:\/\/hergersweiler.de\/?p=3351"]}]},{"@type":"ImageObject","inLanguage":"de","@id":"https:\/\/hergersweiler.de\/?p=3351#primaryimage","url":"https:\/\/hergersweiler.de\/wp-content\/uploads\/2025\/02\/img_1318-1.png","contentUrl":"https:\/\/hergersweiler.de\/wp-content\/uploads\/2025\/02\/img_1318-1.png","width":311,"height":99},{"@type":"BreadcrumbList","@id":"https:\/\/hergersweiler.de\/?p=3351#breadcrumb","itemListElement":[{"@type":"ListItem","position":1,"name":"Startseite","item":"https:\/\/hergersweiler.de\/"},{"@type":"ListItem","position":2,"name":"Neue Infos zur Fahrt nach Vesser"}]},{"@type":"WebSite","@id":"https:\/\/hergersweiler.de\/#website","url":"https:\/\/hergersweiler.de\/","name":"Gemeinde Hergersweiler","description":"","potentialAction":[{"@type":"SearchAction","target":{"@type":"EntryPoint","urlTemplate":"https:\/\/hergersweiler.de\/?s={search_term_string}"},"query-input":{"@type":"PropertyValueSpecification","valueRequired":true,"valueName":"search_term_string"}}],"inLanguage":"de"},{"@type":"Person","@id":"https:\/\/hergersweiler.de\/#\/schema\/person\/7b0befa872e696b07e63c64f7811d8ea","name":"admin","image":{"@type":"ImageObject","inLanguage":"de","@id":"https:\/\/secure.gravatar.com\/avatar\/13341db60fcfa0ddafe9c9c860a705e50d7a86cdda430a30904ba51f7e244366?s=96&d=monsterid&r=pg","url":"https:\/\/secure.gravatar.com\/avatar\/13341db60fcfa0ddafe9c9c860a705e50d7a86cdda430a30904ba51f7e244366?s=96&d=monsterid&r=pg","contentUrl":"https:\/\/secure.gravatar.com\/avatar\/13341db60fcfa0ddafe9c9c860a705e50d7a86cdda430a30904ba51f7e244366?s=96&d=monsterid&r=pg","caption":"admin"}}]}},"jetpack_featured_media_url":"","jetpack_sharing_enabled":true,"_links":{"self":[{"href":"https:\/\/hergersweiler.de\/index.php?rest_route=\/wp\/v2\/posts\/3351","targetHints":{"allow":["GET"]}}],"collection":[{"href":"https:\/\/hergersweiler.de\/index.php?rest_route=\/wp\/v2\/posts"}],"about":[{"href":"https:\/\/hergersweiler.de\/index.php?rest_route=\/wp\/v2\/types\/post"}],"author":[{"embeddable":true,"href":"https:\/\/hergersweiler.de\/index.php?rest_route=\/wp\/v2\/users\/1"}],"replies":[{"embeddable":true,"href":"https:\/\/hergersweiler.de\/index.php?rest_route=%2Fwp%2Fv2%2Fcomments&post=3351"}],"version-history":[{"count":0,"href":"https:\/\/hergersweiler.de\/index.php?rest_route=\/wp\/v2\/posts\/3351\/revisions"}],"wp:attachment":[{"href":"https:\/\/hergersweiler.de\/index.php?rest_route=%2Fwp%2Fv2%2Fmedia&parent=3351"}],"wp:term":[{"taxonomy":"category","embeddable":true,"href":"https:\/\/hergersweiler.de\/index.php?rest_route=%2Fwp%2Fv2%2Fcategories&post=3351"},{"taxonomy":"post_tag","embeddable":true,"href":"https:\/\/hergersweiler.de\/index.php?rest_route=%2Fwp%2Fv2%2Ftags&post=3351"}],"curies":[{"name":"wp","href":"https:\/\/api.w.org\/{rel}","templated":true}]}}