{"id":3319,"date":"2025-01-22T06:45:44","date_gmt":"2025-01-22T05:45:44","guid":{"rendered":"https:\/\/hergersweiler.de\/?p=3319"},"modified":"2025-01-22T06:47:49","modified_gmt":"2025-01-22T05:47:49","slug":"jubilaeum-1125-jahre-vesser","status":"publish","type":"post","link":"https:\/\/hergersweiler.de\/?p=3319","title":{"rendered":"Jubil\u00e4um 1125 Jahre Vesser"},"content":{"rendered":"\n<p>Liebe Hergersweilerinnen, liebe Hergersweilerer,<br \/>in diesem Jahr feiert unsere Partnergemeinde ihr Jubil\u00e4um 1125 Jahre Vesser.<br \/>Die Feierlichkeiten finden am Wochende vom 27.06.2025 bis 29.06.2025 statt.<\/p>\n\n\n\n<p><br \/>Unsere Freunde aus Vesser haben bereits ein buntes Programm f\u00fcr das Jubil\u00e4umswochenende<br \/>zusammengestellt. Vesser wird sich in ein M\u00e4rchendorf verwandeln. An verschiedenen Stationen<br \/>\u00fcber das ganze Dorf verteilt werden M\u00e4rchen dargestellt. Zentraler Punkt f\u00fcr die Feierlichkeiten<br \/>wird der Platz am Backhaus bzw. am Feuerwehrhaus sein. An diesem Platz wird auch der<br \/>Weinstand vom Weingut Lischer stehen.<br \/><\/p>\n\n\n\n<p>Bei entsprechenden Anmeldungen planen wir, mit einem gro\u00dfen Reise-Bus anzureisen.<br \/>Wir werden am Freitag, den 27. Juni gegen 11 Uhr in Richtung Vesser aufbrechen. Die R\u00fcckkehr<br \/>ist f\u00fcr Sonntag, den 29. Juni gegen 20 Uhr vorgesehen.<\/p>\n\n\n\n<p><strong>Wer Interessiert ist, m\u00f6ge bitte das <a href=\"https:\/\/hergersweiler.de\/wp-content\/uploads\/2025\/01\/Order-sheet_000430.pdf\" target=\"_blank\" rel=\"noreferrer noopener\">Dokument<\/a> ausdrucken und die Anmeldung bis zum 26.01.2025 bei Ortsb\u00fcrgermeister Helmut Heib abgeben.<\/strong><\/p>\n\n\n\n<p><\/p>\n","protected":false},"excerpt":{"rendered":"<p>Liebe Hergersweilerinnen, liebe Hergersweilerer,in diesem Jahr feiert unsere Partnergemeinde ihr Jubil\u00e4um 1125 Jahre Vesser.Die Feierlichkeiten finden am Wochende vom 27.06.2025 bis 29.06.2025 statt. Unsere Freunde aus Vesser haben bereits ein buntes Programm f\u00fcr das Jubil\u00e4umswochenendezusammengestellt. Vesser wird sich in ein M\u00e4rchendorf verwandeln. An verschiedenen Stationen\u00fcber das ganze Dorf verteilt werden\u2026<\/p>\n<p> <a class=\"continue-reading-link\" href=\"https:\/\/hergersweiler.de\/?p=3319\"><span>Continue reading<\/span><i class=\"crycon-right-dir\"><\/i><\/a> <\/p>\n","protected":false},"author":1,"featured_media":0,"comment_status":"open","ping_status":"open","sticky":false,"template":"","format":"standard","meta":{"ngg_post_thumbnail":0,"_jetpack_memberships_contains_paid_content":false,"footnotes":""},"categories":[1],"tags":[],"class_list":["post-3319","post","type-post","status-publish","format-standard","hentry","category-allgemein"],"yoast_head":"<!-- This site is optimized with the Yoast SEO plugin v27.5 - https:\/\/yoast.com\/product\/yoast-seo-wordpress\/ -->\n<title>Jubil\u00e4um 1125 Jahre Vesser - Gemeinde Hergersweiler<\/title>\n<meta name=\"robots\" content=\"index, follow, max-snippet:-1, max-image-preview:large, max-video-preview:-1\" \/>\n<link rel=\"canonical\" href=\"https:\/\/hergersweiler.de\/?p=3319\" \/>\n<meta property=\"og:locale\" content=\"de_DE\" \/>\n<meta property=\"og:type\" content=\"article\" \/>\n<meta property=\"og:title\" content=\"Jubil\u00e4um 1125 Jahre Vesser - Gemeinde Hergersweiler\" \/>\n<meta property=\"og:description\" content=\"Liebe Hergersweilerinnen, liebe Hergersweilerer,in diesem Jahr feiert unsere Partnergemeinde ihr Jubil\u00e4um 1125 Jahre Vesser.Die Feierlichkeiten finden am Wochende vom 27.06.2025 bis 29.06.2025 statt. Unsere Freunde aus Vesser haben bereits ein buntes Programm f\u00fcr das Jubil\u00e4umswochenendezusammengestellt. Vesser wird sich in ein M\u00e4rchendorf verwandeln. An verschiedenen Stationen\u00fcber das ganze Dorf verteilt werden\u2026 Continue reading\" \/>\n<meta property=\"og:url\" content=\"https:\/\/hergersweiler.de\/?p=3319\" \/>\n<meta property=\"og:site_name\" content=\"Gemeinde Hergersweiler\" \/>\n<meta property=\"article:published_time\" content=\"2025-01-22T05:45:44+00:00\" \/>\n<meta property=\"article:modified_time\" content=\"2025-01-22T05:47:49+00:00\" \/>\n<meta name=\"author\" content=\"admin\" \/>\n<meta name=\"twitter:card\" content=\"summary_large_image\" \/>\n<meta name=\"twitter:creator\" content=\"@hergersweiler2\" \/>\n<meta name=\"twitter:site\" content=\"@hergersweiler2\" \/>\n<meta name=\"twitter:label1\" content=\"Verfasst von\" \/>\n\t<meta name=\"twitter:data1\" content=\"admin\" \/>\n\t<meta name=\"twitter:label2\" content=\"Gesch\u00e4tzte Lesezeit\" \/>\n\t<meta name=\"twitter:data2\" content=\"1\u00a0Minute\" \/>\n<script type=\"application\/ld+json\" class=\"yoast-schema-graph\">{\"@context\":\"https:\\\/\\\/schema.org\",\"@graph\":[{\"@type\":\"Article\",\"@id\":\"https:\\\/\\\/hergersweiler.de\\\/?p=3319#article\",\"isPartOf\":{\"@id\":\"https:\\\/\\\/hergersweiler.de\\\/?p=3319\"},\"author\":{\"name\":\"admin\",\"@id\":\"https:\\\/\\\/hergersweiler.de\\\/#\\\/schema\\\/person\\\/7b0befa872e696b07e63c64f7811d8ea\"},\"headline\":\"Jubil\u00e4um 1125 Jahre Vesser\",\"datePublished\":\"2025-01-22T05:45:44+00:00\",\"dateModified\":\"2025-01-22T05:47:49+00:00\",\"mainEntityOfPage\":{\"@id\":\"https:\\\/\\\/hergersweiler.de\\\/?p=3319\"},\"wordCount\":139,\"commentCount\":0,\"inLanguage\":\"de\",\"potentialAction\":[{\"@type\":\"CommentAction\",\"name\":\"Comment\",\"target\":[\"https:\\\/\\\/hergersweiler.de\\\/?p=3319#respond\"]}]},{\"@type\":\"WebPage\",\"@id\":\"https:\\\/\\\/hergersweiler.de\\\/?p=3319\",\"url\":\"https:\\\/\\\/hergersweiler.de\\\/?p=3319\",\"name\":\"Jubil\u00e4um 1125 Jahre Vesser - Gemeinde Hergersweiler\",\"isPartOf\":{\"@id\":\"https:\\\/\\\/hergersweiler.de\\\/#website\"},\"datePublished\":\"2025-01-22T05:45:44+00:00\",\"dateModified\":\"2025-01-22T05:47:49+00:00\",\"author\":{\"@id\":\"https:\\\/\\\/hergersweiler.de\\\/#\\\/schema\\\/person\\\/7b0befa872e696b07e63c64f7811d8ea\"},\"breadcrumb\":{\"@id\":\"https:\\\/\\\/hergersweiler.de\\\/?p=3319#breadcrumb\"},\"inLanguage\":\"de\",\"potentialAction\":[{\"@type\":\"ReadAction\",\"target\":[\"https:\\\/\\\/hergersweiler.de\\\/?p=3319\"]}]},{\"@type\":\"BreadcrumbList\",\"@id\":\"https:\\\/\\\/hergersweiler.de\\\/?p=3319#breadcrumb\",\"itemListElement\":[{\"@type\":\"ListItem\",\"position\":1,\"name\":\"Startseite\",\"item\":\"https:\\\/\\\/hergersweiler.de\\\/\"},{\"@type\":\"ListItem\",\"position\":2,\"name\":\"Jubil\u00e4um 1125 Jahre Vesser\"}]},{\"@type\":\"WebSite\",\"@id\":\"https:\\\/\\\/hergersweiler.de\\\/#website\",\"url\":\"https:\\\/\\\/hergersweiler.de\\\/\",\"name\":\"Gemeinde Hergersweiler\",\"description\":\"\",\"potentialAction\":[{\"@type\":\"SearchAction\",\"target\":{\"@type\":\"EntryPoint\",\"urlTemplate\":\"https:\\\/\\\/hergersweiler.de\\\/?s={search_term_string}\"},\"query-input\":{\"@type\":\"PropertyValueSpecification\",\"valueRequired\":true,\"valueName\":\"search_term_string\"}}],\"inLanguage\":\"de\"},{\"@type\":\"Person\",\"@id\":\"https:\\\/\\\/hergersweiler.de\\\/#\\\/schema\\\/person\\\/7b0befa872e696b07e63c64f7811d8ea\",\"name\":\"admin\",\"image\":{\"@type\":\"ImageObject\",\"inLanguage\":\"de\",\"@id\":\"https:\\\/\\\/secure.gravatar.com\\\/avatar\\\/13341db60fcfa0ddafe9c9c860a705e50d7a86cdda430a30904ba51f7e244366?s=96&d=monsterid&r=pg\",\"url\":\"https:\\\/\\\/secure.gravatar.com\\\/avatar\\\/13341db60fcfa0ddafe9c9c860a705e50d7a86cdda430a30904ba51f7e244366?s=96&d=monsterid&r=pg\",\"contentUrl\":\"https:\\\/\\\/secure.gravatar.com\\\/avatar\\\/13341db60fcfa0ddafe9c9c860a705e50d7a86cdda430a30904ba51f7e244366?s=96&d=monsterid&r=pg\",\"caption\":\"admin\"}}]}<\/script>\n<!-- \/ Yoast SEO plugin. -->","yoast_head_json":{"title":"Jubil\u00e4um 1125 Jahre Vesser - Gemeinde Hergersweiler","robots":{"index":"index","follow":"follow","max-snippet":"max-snippet:-1","max-image-preview":"max-image-preview:large","max-video-preview":"max-video-preview:-1"},"canonical":"https:\/\/hergersweiler.de\/?p=3319","og_locale":"de_DE","og_type":"article","og_title":"Jubil\u00e4um 1125 Jahre Vesser - Gemeinde Hergersweiler","og_description":"Liebe Hergersweilerinnen, liebe Hergersweilerer,in diesem Jahr feiert unsere Partnergemeinde ihr Jubil\u00e4um 1125 Jahre Vesser.Die Feierlichkeiten finden am Wochende vom 27.06.2025 bis 29.06.2025 statt. Unsere Freunde aus Vesser haben bereits ein buntes Programm f\u00fcr das Jubil\u00e4umswochenendezusammengestellt. Vesser wird sich in ein M\u00e4rchendorf verwandeln. An verschiedenen Stationen\u00fcber das ganze Dorf verteilt werden\u2026 Continue reading","og_url":"https:\/\/hergersweiler.de\/?p=3319","og_site_name":"Gemeinde Hergersweiler","article_published_time":"2025-01-22T05:45:44+00:00","article_modified_time":"2025-01-22T05:47:49+00:00","author":"admin","twitter_card":"summary_large_image","twitter_creator":"@hergersweiler2","twitter_site":"@hergersweiler2","twitter_misc":{"Verfasst von":"admin","Gesch\u00e4tzte Lesezeit":"1\u00a0Minute"},"schema":{"@context":"https:\/\/schema.org","@graph":[{"@type":"Article","@id":"https:\/\/hergersweiler.de\/?p=3319#article","isPartOf":{"@id":"https:\/\/hergersweiler.de\/?p=3319"},"author":{"name":"admin","@id":"https:\/\/hergersweiler.de\/#\/schema\/person\/7b0befa872e696b07e63c64f7811d8ea"},"headline":"Jubil\u00e4um 1125 Jahre Vesser","datePublished":"2025-01-22T05:45:44+00:00","dateModified":"2025-01-22T05:47:49+00:00","mainEntityOfPage":{"@id":"https:\/\/hergersweiler.de\/?p=3319"},"wordCount":139,"commentCount":0,"inLanguage":"de","potentialAction":[{"@type":"CommentAction","name":"Comment","target":["https:\/\/hergersweiler.de\/?p=3319#respond"]}]},{"@type":"WebPage","@id":"https:\/\/hergersweiler.de\/?p=3319","url":"https:\/\/hergersweiler.de\/?p=3319","name":"Jubil\u00e4um 1125 Jahre Vesser - Gemeinde Hergersweiler","isPartOf":{"@id":"https:\/\/hergersweiler.de\/#website"},"datePublished":"2025-01-22T05:45:44+00:00","dateModified":"2025-01-22T05:47:49+00:00","author":{"@id":"https:\/\/hergersweiler.de\/#\/schema\/person\/7b0befa872e696b07e63c64f7811d8ea"},"breadcrumb":{"@id":"https:\/\/hergersweiler.de\/?p=3319#breadcrumb"},"inLanguage":"de","potentialAction":[{"@type":"ReadAction","target":["https:\/\/hergersweiler.de\/?p=3319"]}]},{"@type":"BreadcrumbList","@id":"https:\/\/hergersweiler.de\/?p=3319#breadcrumb","itemListElement":[{"@type":"ListItem","position":1,"name":"Startseite","item":"https:\/\/hergersweiler.de\/"},{"@type":"ListItem","position":2,"name":"Jubil\u00e4um 1125 Jahre Vesser"}]},{"@type":"WebSite","@id":"https:\/\/hergersweiler.de\/#website","url":"https:\/\/hergersweiler.de\/","name":"Gemeinde Hergersweiler","description":"","potentialAction":[{"@type":"SearchAction","target":{"@type":"EntryPoint","urlTemplate":"https:\/\/hergersweiler.de\/?s={search_term_string}"},"query-input":{"@type":"PropertyValueSpecification","valueRequired":true,"valueName":"search_term_string"}}],"inLanguage":"de"},{"@type":"Person","@id":"https:\/\/hergersweiler.de\/#\/schema\/person\/7b0befa872e696b07e63c64f7811d8ea","name":"admin","image":{"@type":"ImageObject","inLanguage":"de","@id":"https:\/\/secure.gravatar.com\/avatar\/13341db60fcfa0ddafe9c9c860a705e50d7a86cdda430a30904ba51f7e244366?s=96&d=monsterid&r=pg","url":"https:\/\/secure.gravatar.com\/avatar\/13341db60fcfa0ddafe9c9c860a705e50d7a86cdda430a30904ba51f7e244366?s=96&d=monsterid&r=pg","contentUrl":"https:\/\/secure.gravatar.com\/avatar\/13341db60fcfa0ddafe9c9c860a705e50d7a86cdda430a30904ba51f7e244366?s=96&d=monsterid&r=pg","caption":"admin"}}]}},"jetpack_featured_media_url":"","jetpack_sharing_enabled":true,"_links":{"self":[{"href":"https:\/\/hergersweiler.de\/index.php?rest_route=\/wp\/v2\/posts\/3319","targetHints":{"allow":["GET"]}}],"collection":[{"href":"https:\/\/hergersweiler.de\/index.php?rest_route=\/wp\/v2\/posts"}],"about":[{"href":"https:\/\/hergersweiler.de\/index.php?rest_route=\/wp\/v2\/types\/post"}],"author":[{"embeddable":true,"href":"https:\/\/hergersweiler.de\/index.php?rest_route=\/wp\/v2\/users\/1"}],"replies":[{"embeddable":true,"href":"https:\/\/hergersweiler.de\/index.php?rest_route=%2Fwp%2Fv2%2Fcomments&post=3319"}],"version-history":[{"count":2,"href":"https:\/\/hergersweiler.de\/index.php?rest_route=\/wp\/v2\/posts\/3319\/revisions"}],"predecessor-version":[{"id":3321,"href":"https:\/\/hergersweiler.de\/index.php?rest_route=\/wp\/v2\/posts\/3319\/revisions\/3321"}],"wp:attachment":[{"href":"https:\/\/hergersweiler.de\/index.php?rest_route=%2Fwp%2Fv2%2Fmedia&parent=3319"}],"wp:term":[{"taxonomy":"category","embeddable":true,"href":"https:\/\/hergersweiler.de\/index.php?rest_route=%2Fwp%2Fv2%2Fcategories&post=3319"},{"taxonomy":"post_tag","embeddable":true,"href":"https:\/\/hergersweiler.de\/index.php?rest_route=%2Fwp%2Fv2%2Ftags&post=3319"}],"curies":[{"name":"wp","href":"https:\/\/api.w.org\/{rel}","templated":true}]}}