{"id":2016,"date":"2021-11-26T11:29:09","date_gmt":"2021-11-26T10:29:09","guid":{"rendered":"https:\/\/hergersweiler.de\/?p=2016"},"modified":"2021-11-26T11:30:52","modified_gmt":"2021-11-26T10:30:52","slug":"absage-vom-adventskaffee-und-der-weihnachtsfeier-des-feuerwehrvereins","status":"publish","type":"post","link":"https:\/\/hergersweiler.de\/?p=2016","title":{"rendered":"Absage vom Adventskaffee und der Weihnachtsfeier des Feuerwehrvereins"},"content":{"rendered":"<p>Die Zahl der Corona-Neuinfektionen steigt leider wieder an, t\u00e4glich werden neue H\u00f6chstst\u00e4nde erreicht.<\/p>\n<p>F\u00fcr uns in Hergersweiler bedeutet dies, dass der Adventskaffee und auch die Weihnachtsfeier des Feuerwehrvereins leider abgesagt werden m\u00fcssen.<\/p>\n<p>Das Schreiben des Ortsb\u00fcrgermeisters findet Ihr <a href=\"https:\/\/hergersweiler.de\/wp-content\/uploads\/2021\/11\/Kurier_25112021.pdf\" rel=\"noopener\" target=\"_blank\">hier<\/a>.<\/p>\n","protected":false},"excerpt":{"rendered":"<p>Die Zahl der Corona-Neuinfektionen steigt leider wieder an, t\u00e4glich werden neue H\u00f6chstst\u00e4nde erreicht. F\u00fcr uns in Hergersweiler bedeutet dies, dass der Adventskaffee und auch die Weihnachtsfeier des Feuerwehrvereins leider abgesagt werden m\u00fcssen. Das Schreiben des Ortsb\u00fcrgermeisters findet Ihr hier.<\/p>\n<p> <a class=\"continue-reading-link\" href=\"https:\/\/hergersweiler.de\/?p=2016\"><span>Continue reading<\/span><i class=\"crycon-right-dir\"><\/i><\/a> <\/p>\n","protected":false},"author":4,"featured_media":0,"comment_status":"open","ping_status":"open","sticky":false,"template":"","format":"standard","meta":{"ngg_post_thumbnail":0,"_jetpack_memberships_contains_paid_content":false,"footnotes":""},"categories":[1],"tags":[],"class_list":["post-2016","post","type-post","status-publish","format-standard","hentry","category-allgemein"],"yoast_head":"<!-- This site is optimized with the Yoast SEO plugin v27.4 - https:\/\/yoast.com\/product\/yoast-seo-wordpress\/ -->\n<title>Absage vom Adventskaffee und der Weihnachtsfeier des Feuerwehrvereins - Gemeinde Hergersweiler<\/title>\n<meta name=\"robots\" content=\"index, follow, max-snippet:-1, max-image-preview:large, max-video-preview:-1\" \/>\n<link rel=\"canonical\" href=\"https:\/\/hergersweiler.de\/?p=2016\" \/>\n<meta property=\"og:locale\" content=\"de_DE\" \/>\n<meta property=\"og:type\" content=\"article\" \/>\n<meta property=\"og:title\" content=\"Absage vom Adventskaffee und der Weihnachtsfeier des Feuerwehrvereins - Gemeinde Hergersweiler\" \/>\n<meta property=\"og:description\" content=\"Die Zahl der Corona-Neuinfektionen steigt leider wieder an, t\u00e4glich werden neue H\u00f6chstst\u00e4nde erreicht. F\u00fcr uns in Hergersweiler bedeutet dies, dass der Adventskaffee und auch die Weihnachtsfeier des Feuerwehrvereins leider abgesagt werden m\u00fcssen. Das Schreiben des Ortsb\u00fcrgermeisters findet Ihr hier. Continue reading\" \/>\n<meta property=\"og:url\" content=\"https:\/\/hergersweiler.de\/?p=2016\" \/>\n<meta property=\"og:site_name\" content=\"Gemeinde Hergersweiler\" \/>\n<meta property=\"article:published_time\" content=\"2021-11-26T10:29:09+00:00\" \/>\n<meta property=\"article:modified_time\" content=\"2021-11-26T10:30:52+00:00\" \/>\n<meta name=\"author\" content=\"Joao Freire\" \/>\n<meta name=\"twitter:card\" content=\"summary_large_image\" \/>\n<meta name=\"twitter:creator\" content=\"@hergersweiler2\" \/>\n<meta name=\"twitter:site\" content=\"@hergersweiler2\" \/>\n<meta name=\"twitter:label1\" content=\"Verfasst von\" \/>\n\t<meta name=\"twitter:data1\" content=\"Joao Freire\" \/>\n<script type=\"application\/ld+json\" class=\"yoast-schema-graph\">{\"@context\":\"https:\\\/\\\/schema.org\",\"@graph\":[{\"@type\":\"Article\",\"@id\":\"https:\\\/\\\/hergersweiler.de\\\/?p=2016#article\",\"isPartOf\":{\"@id\":\"https:\\\/\\\/hergersweiler.de\\\/?p=2016\"},\"author\":{\"name\":\"Joao Freire\",\"@id\":\"https:\\\/\\\/hergersweiler.de\\\/#\\\/schema\\\/person\\\/bb0b0cb8e362957b4aed6ae1569aab3e\"},\"headline\":\"Absage vom Adventskaffee und der Weihnachtsfeier des Feuerwehrvereins\",\"datePublished\":\"2021-11-26T10:29:09+00:00\",\"dateModified\":\"2021-11-26T10:30:52+00:00\",\"mainEntityOfPage\":{\"@id\":\"https:\\\/\\\/hergersweiler.de\\\/?p=2016\"},\"wordCount\":53,\"commentCount\":0,\"inLanguage\":\"de\",\"potentialAction\":[{\"@type\":\"CommentAction\",\"name\":\"Comment\",\"target\":[\"https:\\\/\\\/hergersweiler.de\\\/?p=2016#respond\"]}]},{\"@type\":\"WebPage\",\"@id\":\"https:\\\/\\\/hergersweiler.de\\\/?p=2016\",\"url\":\"https:\\\/\\\/hergersweiler.de\\\/?p=2016\",\"name\":\"Absage vom Adventskaffee und der Weihnachtsfeier des Feuerwehrvereins - Gemeinde Hergersweiler\",\"isPartOf\":{\"@id\":\"https:\\\/\\\/hergersweiler.de\\\/#website\"},\"datePublished\":\"2021-11-26T10:29:09+00:00\",\"dateModified\":\"2021-11-26T10:30:52+00:00\",\"author\":{\"@id\":\"https:\\\/\\\/hergersweiler.de\\\/#\\\/schema\\\/person\\\/bb0b0cb8e362957b4aed6ae1569aab3e\"},\"breadcrumb\":{\"@id\":\"https:\\\/\\\/hergersweiler.de\\\/?p=2016#breadcrumb\"},\"inLanguage\":\"de\",\"potentialAction\":[{\"@type\":\"ReadAction\",\"target\":[\"https:\\\/\\\/hergersweiler.de\\\/?p=2016\"]}]},{\"@type\":\"BreadcrumbList\",\"@id\":\"https:\\\/\\\/hergersweiler.de\\\/?p=2016#breadcrumb\",\"itemListElement\":[{\"@type\":\"ListItem\",\"position\":1,\"name\":\"Startseite\",\"item\":\"https:\\\/\\\/hergersweiler.de\\\/\"},{\"@type\":\"ListItem\",\"position\":2,\"name\":\"Absage vom Adventskaffee und der Weihnachtsfeier des Feuerwehrvereins\"}]},{\"@type\":\"WebSite\",\"@id\":\"https:\\\/\\\/hergersweiler.de\\\/#website\",\"url\":\"https:\\\/\\\/hergersweiler.de\\\/\",\"name\":\"Gemeinde Hergersweiler\",\"description\":\"\",\"potentialAction\":[{\"@type\":\"SearchAction\",\"target\":{\"@type\":\"EntryPoint\",\"urlTemplate\":\"https:\\\/\\\/hergersweiler.de\\\/?s={search_term_string}\"},\"query-input\":{\"@type\":\"PropertyValueSpecification\",\"valueRequired\":true,\"valueName\":\"search_term_string\"}}],\"inLanguage\":\"de\"},{\"@type\":\"Person\",\"@id\":\"https:\\\/\\\/hergersweiler.de\\\/#\\\/schema\\\/person\\\/bb0b0cb8e362957b4aed6ae1569aab3e\",\"name\":\"Joao Freire\",\"image\":{\"@type\":\"ImageObject\",\"inLanguage\":\"de\",\"@id\":\"https:\\\/\\\/secure.gravatar.com\\\/avatar\\\/65bdb638eaaad43e8933f55321004aa31a7023eff903a52a339d48f3098e10a4?s=96&d=monsterid&r=pg\",\"url\":\"https:\\\/\\\/secure.gravatar.com\\\/avatar\\\/65bdb638eaaad43e8933f55321004aa31a7023eff903a52a339d48f3098e10a4?s=96&d=monsterid&r=pg\",\"contentUrl\":\"https:\\\/\\\/secure.gravatar.com\\\/avatar\\\/65bdb638eaaad43e8933f55321004aa31a7023eff903a52a339d48f3098e10a4?s=96&d=monsterid&r=pg\",\"caption\":\"Joao Freire\"}}]}<\/script>\n<!-- \/ Yoast SEO plugin. -->","yoast_head_json":{"title":"Absage vom Adventskaffee und der Weihnachtsfeier des Feuerwehrvereins - Gemeinde Hergersweiler","robots":{"index":"index","follow":"follow","max-snippet":"max-snippet:-1","max-image-preview":"max-image-preview:large","max-video-preview":"max-video-preview:-1"},"canonical":"https:\/\/hergersweiler.de\/?p=2016","og_locale":"de_DE","og_type":"article","og_title":"Absage vom Adventskaffee und der Weihnachtsfeier des Feuerwehrvereins - Gemeinde Hergersweiler","og_description":"Die Zahl der Corona-Neuinfektionen steigt leider wieder an, t\u00e4glich werden neue H\u00f6chstst\u00e4nde erreicht. F\u00fcr uns in Hergersweiler bedeutet dies, dass der Adventskaffee und auch die Weihnachtsfeier des Feuerwehrvereins leider abgesagt werden m\u00fcssen. Das Schreiben des Ortsb\u00fcrgermeisters findet Ihr hier. Continue reading","og_url":"https:\/\/hergersweiler.de\/?p=2016","og_site_name":"Gemeinde Hergersweiler","article_published_time":"2021-11-26T10:29:09+00:00","article_modified_time":"2021-11-26T10:30:52+00:00","author":"Joao Freire","twitter_card":"summary_large_image","twitter_creator":"@hergersweiler2","twitter_site":"@hergersweiler2","twitter_misc":{"Verfasst von":"Joao Freire"},"schema":{"@context":"https:\/\/schema.org","@graph":[{"@type":"Article","@id":"https:\/\/hergersweiler.de\/?p=2016#article","isPartOf":{"@id":"https:\/\/hergersweiler.de\/?p=2016"},"author":{"name":"Joao Freire","@id":"https:\/\/hergersweiler.de\/#\/schema\/person\/bb0b0cb8e362957b4aed6ae1569aab3e"},"headline":"Absage vom Adventskaffee und der Weihnachtsfeier des Feuerwehrvereins","datePublished":"2021-11-26T10:29:09+00:00","dateModified":"2021-11-26T10:30:52+00:00","mainEntityOfPage":{"@id":"https:\/\/hergersweiler.de\/?p=2016"},"wordCount":53,"commentCount":0,"inLanguage":"de","potentialAction":[{"@type":"CommentAction","name":"Comment","target":["https:\/\/hergersweiler.de\/?p=2016#respond"]}]},{"@type":"WebPage","@id":"https:\/\/hergersweiler.de\/?p=2016","url":"https:\/\/hergersweiler.de\/?p=2016","name":"Absage vom Adventskaffee und der Weihnachtsfeier des Feuerwehrvereins - Gemeinde Hergersweiler","isPartOf":{"@id":"https:\/\/hergersweiler.de\/#website"},"datePublished":"2021-11-26T10:29:09+00:00","dateModified":"2021-11-26T10:30:52+00:00","author":{"@id":"https:\/\/hergersweiler.de\/#\/schema\/person\/bb0b0cb8e362957b4aed6ae1569aab3e"},"breadcrumb":{"@id":"https:\/\/hergersweiler.de\/?p=2016#breadcrumb"},"inLanguage":"de","potentialAction":[{"@type":"ReadAction","target":["https:\/\/hergersweiler.de\/?p=2016"]}]},{"@type":"BreadcrumbList","@id":"https:\/\/hergersweiler.de\/?p=2016#breadcrumb","itemListElement":[{"@type":"ListItem","position":1,"name":"Startseite","item":"https:\/\/hergersweiler.de\/"},{"@type":"ListItem","position":2,"name":"Absage vom Adventskaffee und der Weihnachtsfeier des Feuerwehrvereins"}]},{"@type":"WebSite","@id":"https:\/\/hergersweiler.de\/#website","url":"https:\/\/hergersweiler.de\/","name":"Gemeinde Hergersweiler","description":"","potentialAction":[{"@type":"SearchAction","target":{"@type":"EntryPoint","urlTemplate":"https:\/\/hergersweiler.de\/?s={search_term_string}"},"query-input":{"@type":"PropertyValueSpecification","valueRequired":true,"valueName":"search_term_string"}}],"inLanguage":"de"},{"@type":"Person","@id":"https:\/\/hergersweiler.de\/#\/schema\/person\/bb0b0cb8e362957b4aed6ae1569aab3e","name":"Joao Freire","image":{"@type":"ImageObject","inLanguage":"de","@id":"https:\/\/secure.gravatar.com\/avatar\/65bdb638eaaad43e8933f55321004aa31a7023eff903a52a339d48f3098e10a4?s=96&d=monsterid&r=pg","url":"https:\/\/secure.gravatar.com\/avatar\/65bdb638eaaad43e8933f55321004aa31a7023eff903a52a339d48f3098e10a4?s=96&d=monsterid&r=pg","contentUrl":"https:\/\/secure.gravatar.com\/avatar\/65bdb638eaaad43e8933f55321004aa31a7023eff903a52a339d48f3098e10a4?s=96&d=monsterid&r=pg","caption":"Joao Freire"}}]}},"jetpack_featured_media_url":"","jetpack_sharing_enabled":true,"_links":{"self":[{"href":"https:\/\/hergersweiler.de\/index.php?rest_route=\/wp\/v2\/posts\/2016","targetHints":{"allow":["GET"]}}],"collection":[{"href":"https:\/\/hergersweiler.de\/index.php?rest_route=\/wp\/v2\/posts"}],"about":[{"href":"https:\/\/hergersweiler.de\/index.php?rest_route=\/wp\/v2\/types\/post"}],"author":[{"embeddable":true,"href":"https:\/\/hergersweiler.de\/index.php?rest_route=\/wp\/v2\/users\/4"}],"replies":[{"embeddable":true,"href":"https:\/\/hergersweiler.de\/index.php?rest_route=%2Fwp%2Fv2%2Fcomments&post=2016"}],"version-history":[{"count":2,"href":"https:\/\/hergersweiler.de\/index.php?rest_route=\/wp\/v2\/posts\/2016\/revisions"}],"predecessor-version":[{"id":2019,"href":"https:\/\/hergersweiler.de\/index.php?rest_route=\/wp\/v2\/posts\/2016\/revisions\/2019"}],"wp:attachment":[{"href":"https:\/\/hergersweiler.de\/index.php?rest_route=%2Fwp%2Fv2%2Fmedia&parent=2016"}],"wp:term":[{"taxonomy":"category","embeddable":true,"href":"https:\/\/hergersweiler.de\/index.php?rest_route=%2Fwp%2Fv2%2Fcategories&post=2016"},{"taxonomy":"post_tag","embeddable":true,"href":"https:\/\/hergersweiler.de\/index.php?rest_route=%2Fwp%2Fv2%2Ftags&post=2016"}],"curies":[{"name":"wp","href":"https:\/\/api.w.org\/{rel}","templated":true}]}}