{"id":1903,"date":"2021-06-30T07:58:00","date_gmt":"2021-06-30T05:58:00","guid":{"rendered":"https:\/\/hergersweiler.de\/?p=1903"},"modified":"2021-06-29T16:29:36","modified_gmt":"2021-06-29T14:29:36","slug":"oeffnung-buergerhaus-und-vogelsanghuette-2","status":"publish","type":"post","link":"https:\/\/hergersweiler.de\/?p=1903","title":{"rendered":"\u00d6ffnung B\u00fcrgerhaus und Vogelsangh\u00fctte"},"content":{"rendered":"\n<p>Das sind echt mal gute Nachrichten. Die Vogelsangh\u00fctte und das B\u00fcrgerhaus k\u00f6nnen nun endlich ab dem 05.07.2021 gebucht werden.<\/p>\n\n\n\n<p>Der Kalender wird somit ab Montag wieder auf gr\u00fcn stehen und es darf dann flei\u00dfig \u00fcber das Kontaktformular, welches ihr auf der <a href=\"https:\/\/hergersweiler.de\/\">Startseite<\/a> und <a href=\"https:\/\/hergersweiler.de\/?page_id=104\">hier<\/a> findet, gebucht werden.<\/p>\n","protected":false},"excerpt":{"rendered":"<p>Das sind echt mal gute Nachrichten. Die Vogelsangh\u00fctte und das B\u00fcrgerhaus k\u00f6nnen nun endlich ab dem 05.07.2021 gebucht werden. Der Kalender wird somit ab Montag wieder auf gr\u00fcn stehen und es darf dann flei\u00dfig \u00fcber das Kontaktformular, welches ihr auf der Startseite und hier findet, gebucht werden.<\/p>\n<p> <a class=\"continue-reading-link\" href=\"https:\/\/hergersweiler.de\/?p=1903\"><span>Continue reading<\/span><i class=\"crycon-right-dir\"><\/i><\/a> <\/p>\n","protected":false},"author":4,"featured_media":0,"comment_status":"open","ping_status":"open","sticky":false,"template":"","format":"aside","meta":{"ngg_post_thumbnail":0,"_jetpack_memberships_contains_paid_content":false,"footnotes":""},"categories":[12],"tags":[15,14,13],"class_list":["post-1903","post","type-post","status-publish","format-aside","hentry","category-wichtig","tag-buergerhaus","tag-vogelsanghuette","tag-wichtig","post_format-post-format-aside"],"yoast_head":"<!-- This site is optimized with the Yoast SEO plugin v27.5 - https:\/\/yoast.com\/product\/yoast-seo-wordpress\/ -->\n<title>\u00d6ffnung B\u00fcrgerhaus und Vogelsangh\u00fctte - Gemeinde Hergersweiler<\/title>\n<meta name=\"robots\" content=\"index, follow, max-snippet:-1, max-image-preview:large, max-video-preview:-1\" \/>\n<link rel=\"canonical\" href=\"https:\/\/hergersweiler.de\/?p=1903\" \/>\n<meta property=\"og:locale\" content=\"de_DE\" \/>\n<meta property=\"og:type\" content=\"article\" \/>\n<meta property=\"og:title\" content=\"\u00d6ffnung B\u00fcrgerhaus und Vogelsangh\u00fctte - Gemeinde Hergersweiler\" \/>\n<meta property=\"og:description\" content=\"Das sind echt mal gute Nachrichten. Die Vogelsangh\u00fctte und das B\u00fcrgerhaus k\u00f6nnen nun endlich ab dem 05.07.2021 gebucht werden. Der Kalender wird somit ab Montag wieder auf gr\u00fcn stehen und es darf dann flei\u00dfig \u00fcber das Kontaktformular, welches ihr auf der Startseite und hier findet, gebucht werden. Continue reading\" \/>\n<meta property=\"og:url\" content=\"https:\/\/hergersweiler.de\/?p=1903\" \/>\n<meta property=\"og:site_name\" content=\"Gemeinde Hergersweiler\" \/>\n<meta property=\"article:published_time\" content=\"2021-06-30T05:58:00+00:00\" \/>\n<meta name=\"author\" content=\"Joao Freire\" \/>\n<meta name=\"twitter:card\" content=\"summary_large_image\" \/>\n<meta name=\"twitter:creator\" content=\"@hergersweiler2\" \/>\n<meta name=\"twitter:site\" content=\"@hergersweiler2\" \/>\n<meta name=\"twitter:label1\" content=\"Verfasst von\" \/>\n\t<meta name=\"twitter:data1\" content=\"Joao Freire\" \/>\n<script type=\"application\/ld+json\" class=\"yoast-schema-graph\">{\"@context\":\"https:\\\/\\\/schema.org\",\"@graph\":[{\"@type\":\"Article\",\"@id\":\"https:\\\/\\\/hergersweiler.de\\\/?p=1903#article\",\"isPartOf\":{\"@id\":\"https:\\\/\\\/hergersweiler.de\\\/?p=1903\"},\"author\":{\"name\":\"Joao Freire\",\"@id\":\"https:\\\/\\\/hergersweiler.de\\\/#\\\/schema\\\/person\\\/bb0b0cb8e362957b4aed6ae1569aab3e\"},\"headline\":\"\u00d6ffnung B\u00fcrgerhaus und Vogelsangh\u00fctte\",\"datePublished\":\"2021-06-30T05:58:00+00:00\",\"mainEntityOfPage\":{\"@id\":\"https:\\\/\\\/hergersweiler.de\\\/?p=1903\"},\"wordCount\":57,\"commentCount\":2,\"keywords\":[\"B\u00fcrgerhaus\",\"Vogelsangh\u00fctte\",\"Wichtig\"],\"articleSection\":[\"Wichtig\"],\"inLanguage\":\"de\",\"potentialAction\":[{\"@type\":\"CommentAction\",\"name\":\"Comment\",\"target\":[\"https:\\\/\\\/hergersweiler.de\\\/?p=1903#respond\"]}]},{\"@type\":\"WebPage\",\"@id\":\"https:\\\/\\\/hergersweiler.de\\\/?p=1903\",\"url\":\"https:\\\/\\\/hergersweiler.de\\\/?p=1903\",\"name\":\"\u00d6ffnung B\u00fcrgerhaus und Vogelsangh\u00fctte - Gemeinde Hergersweiler\",\"isPartOf\":{\"@id\":\"https:\\\/\\\/hergersweiler.de\\\/#website\"},\"datePublished\":\"2021-06-30T05:58:00+00:00\",\"author\":{\"@id\":\"https:\\\/\\\/hergersweiler.de\\\/#\\\/schema\\\/person\\\/bb0b0cb8e362957b4aed6ae1569aab3e\"},\"breadcrumb\":{\"@id\":\"https:\\\/\\\/hergersweiler.de\\\/?p=1903#breadcrumb\"},\"inLanguage\":\"de\",\"potentialAction\":[{\"@type\":\"ReadAction\",\"target\":[\"https:\\\/\\\/hergersweiler.de\\\/?p=1903\"]}]},{\"@type\":\"BreadcrumbList\",\"@id\":\"https:\\\/\\\/hergersweiler.de\\\/?p=1903#breadcrumb\",\"itemListElement\":[{\"@type\":\"ListItem\",\"position\":1,\"name\":\"Startseite\",\"item\":\"https:\\\/\\\/hergersweiler.de\\\/\"},{\"@type\":\"ListItem\",\"position\":2,\"name\":\"\u00d6ffnung B\u00fcrgerhaus und Vogelsangh\u00fctte\"}]},{\"@type\":\"WebSite\",\"@id\":\"https:\\\/\\\/hergersweiler.de\\\/#website\",\"url\":\"https:\\\/\\\/hergersweiler.de\\\/\",\"name\":\"Gemeinde Hergersweiler\",\"description\":\"\",\"potentialAction\":[{\"@type\":\"SearchAction\",\"target\":{\"@type\":\"EntryPoint\",\"urlTemplate\":\"https:\\\/\\\/hergersweiler.de\\\/?s={search_term_string}\"},\"query-input\":{\"@type\":\"PropertyValueSpecification\",\"valueRequired\":true,\"valueName\":\"search_term_string\"}}],\"inLanguage\":\"de\"},{\"@type\":\"Person\",\"@id\":\"https:\\\/\\\/hergersweiler.de\\\/#\\\/schema\\\/person\\\/bb0b0cb8e362957b4aed6ae1569aab3e\",\"name\":\"Joao Freire\",\"image\":{\"@type\":\"ImageObject\",\"inLanguage\":\"de\",\"@id\":\"https:\\\/\\\/secure.gravatar.com\\\/avatar\\\/65bdb638eaaad43e8933f55321004aa31a7023eff903a52a339d48f3098e10a4?s=96&d=monsterid&r=pg\",\"url\":\"https:\\\/\\\/secure.gravatar.com\\\/avatar\\\/65bdb638eaaad43e8933f55321004aa31a7023eff903a52a339d48f3098e10a4?s=96&d=monsterid&r=pg\",\"contentUrl\":\"https:\\\/\\\/secure.gravatar.com\\\/avatar\\\/65bdb638eaaad43e8933f55321004aa31a7023eff903a52a339d48f3098e10a4?s=96&d=monsterid&r=pg\",\"caption\":\"Joao Freire\"}}]}<\/script>\n<!-- \/ Yoast SEO plugin. -->","yoast_head_json":{"title":"\u00d6ffnung B\u00fcrgerhaus und Vogelsangh\u00fctte - Gemeinde Hergersweiler","robots":{"index":"index","follow":"follow","max-snippet":"max-snippet:-1","max-image-preview":"max-image-preview:large","max-video-preview":"max-video-preview:-1"},"canonical":"https:\/\/hergersweiler.de\/?p=1903","og_locale":"de_DE","og_type":"article","og_title":"\u00d6ffnung B\u00fcrgerhaus und Vogelsangh\u00fctte - Gemeinde Hergersweiler","og_description":"Das sind echt mal gute Nachrichten. Die Vogelsangh\u00fctte und das B\u00fcrgerhaus k\u00f6nnen nun endlich ab dem 05.07.2021 gebucht werden. Der Kalender wird somit ab Montag wieder auf gr\u00fcn stehen und es darf dann flei\u00dfig \u00fcber das Kontaktformular, welches ihr auf der Startseite und hier findet, gebucht werden. Continue reading","og_url":"https:\/\/hergersweiler.de\/?p=1903","og_site_name":"Gemeinde Hergersweiler","article_published_time":"2021-06-30T05:58:00+00:00","author":"Joao Freire","twitter_card":"summary_large_image","twitter_creator":"@hergersweiler2","twitter_site":"@hergersweiler2","twitter_misc":{"Verfasst von":"Joao Freire"},"schema":{"@context":"https:\/\/schema.org","@graph":[{"@type":"Article","@id":"https:\/\/hergersweiler.de\/?p=1903#article","isPartOf":{"@id":"https:\/\/hergersweiler.de\/?p=1903"},"author":{"name":"Joao Freire","@id":"https:\/\/hergersweiler.de\/#\/schema\/person\/bb0b0cb8e362957b4aed6ae1569aab3e"},"headline":"\u00d6ffnung B\u00fcrgerhaus und Vogelsangh\u00fctte","datePublished":"2021-06-30T05:58:00+00:00","mainEntityOfPage":{"@id":"https:\/\/hergersweiler.de\/?p=1903"},"wordCount":57,"commentCount":2,"keywords":["B\u00fcrgerhaus","Vogelsangh\u00fctte","Wichtig"],"articleSection":["Wichtig"],"inLanguage":"de","potentialAction":[{"@type":"CommentAction","name":"Comment","target":["https:\/\/hergersweiler.de\/?p=1903#respond"]}]},{"@type":"WebPage","@id":"https:\/\/hergersweiler.de\/?p=1903","url":"https:\/\/hergersweiler.de\/?p=1903","name":"\u00d6ffnung B\u00fcrgerhaus und Vogelsangh\u00fctte - Gemeinde Hergersweiler","isPartOf":{"@id":"https:\/\/hergersweiler.de\/#website"},"datePublished":"2021-06-30T05:58:00+00:00","author":{"@id":"https:\/\/hergersweiler.de\/#\/schema\/person\/bb0b0cb8e362957b4aed6ae1569aab3e"},"breadcrumb":{"@id":"https:\/\/hergersweiler.de\/?p=1903#breadcrumb"},"inLanguage":"de","potentialAction":[{"@type":"ReadAction","target":["https:\/\/hergersweiler.de\/?p=1903"]}]},{"@type":"BreadcrumbList","@id":"https:\/\/hergersweiler.de\/?p=1903#breadcrumb","itemListElement":[{"@type":"ListItem","position":1,"name":"Startseite","item":"https:\/\/hergersweiler.de\/"},{"@type":"ListItem","position":2,"name":"\u00d6ffnung B\u00fcrgerhaus und Vogelsangh\u00fctte"}]},{"@type":"WebSite","@id":"https:\/\/hergersweiler.de\/#website","url":"https:\/\/hergersweiler.de\/","name":"Gemeinde Hergersweiler","description":"","potentialAction":[{"@type":"SearchAction","target":{"@type":"EntryPoint","urlTemplate":"https:\/\/hergersweiler.de\/?s={search_term_string}"},"query-input":{"@type":"PropertyValueSpecification","valueRequired":true,"valueName":"search_term_string"}}],"inLanguage":"de"},{"@type":"Person","@id":"https:\/\/hergersweiler.de\/#\/schema\/person\/bb0b0cb8e362957b4aed6ae1569aab3e","name":"Joao Freire","image":{"@type":"ImageObject","inLanguage":"de","@id":"https:\/\/secure.gravatar.com\/avatar\/65bdb638eaaad43e8933f55321004aa31a7023eff903a52a339d48f3098e10a4?s=96&d=monsterid&r=pg","url":"https:\/\/secure.gravatar.com\/avatar\/65bdb638eaaad43e8933f55321004aa31a7023eff903a52a339d48f3098e10a4?s=96&d=monsterid&r=pg","contentUrl":"https:\/\/secure.gravatar.com\/avatar\/65bdb638eaaad43e8933f55321004aa31a7023eff903a52a339d48f3098e10a4?s=96&d=monsterid&r=pg","caption":"Joao Freire"}}]}},"jetpack_featured_media_url":"","jetpack_sharing_enabled":true,"_links":{"self":[{"href":"https:\/\/hergersweiler.de\/index.php?rest_route=\/wp\/v2\/posts\/1903","targetHints":{"allow":["GET"]}}],"collection":[{"href":"https:\/\/hergersweiler.de\/index.php?rest_route=\/wp\/v2\/posts"}],"about":[{"href":"https:\/\/hergersweiler.de\/index.php?rest_route=\/wp\/v2\/types\/post"}],"author":[{"embeddable":true,"href":"https:\/\/hergersweiler.de\/index.php?rest_route=\/wp\/v2\/users\/4"}],"replies":[{"embeddable":true,"href":"https:\/\/hergersweiler.de\/index.php?rest_route=%2Fwp%2Fv2%2Fcomments&post=1903"}],"version-history":[{"count":1,"href":"https:\/\/hergersweiler.de\/index.php?rest_route=\/wp\/v2\/posts\/1903\/revisions"}],"predecessor-version":[{"id":1904,"href":"https:\/\/hergersweiler.de\/index.php?rest_route=\/wp\/v2\/posts\/1903\/revisions\/1904"}],"wp:attachment":[{"href":"https:\/\/hergersweiler.de\/index.php?rest_route=%2Fwp%2Fv2%2Fmedia&parent=1903"}],"wp:term":[{"taxonomy":"category","embeddable":true,"href":"https:\/\/hergersweiler.de\/index.php?rest_route=%2Fwp%2Fv2%2Fcategories&post=1903"},{"taxonomy":"post_tag","embeddable":true,"href":"https:\/\/hergersweiler.de\/index.php?rest_route=%2Fwp%2Fv2%2Ftags&post=1903"}],"curies":[{"name":"wp","href":"https:\/\/api.w.org\/{rel}","templated":true}]}}